{"id":1041,"date":"2025-01-09T15:08:54","date_gmt":"2025-01-09T18:08:54","guid":{"rendered":"https:\/\/connectaoeste.com.br\/?p=1041"},"modified":"2025-01-09T15:08:54","modified_gmt":"2025-01-09T18:08:54","slug":"descaso-total-na-cidade-de-correntina","status":"publish","type":"post","link":"https:\/\/connectaoeste.com.br\/index.php\/2025\/01\/09\/descaso-total-na-cidade-de-correntina\/","title":{"rendered":"DESCASO TOTAL NA CIDADE DE CORRENTINA"},"content":{"rendered":"<p><span style=\"font-weight: 400;\">Segundo informa\u00e7\u00f5es do Instagram da Prefeitura Municipal de Correntina, a cidade \u00e9 encontrada em descaso total <\/span><b>(Estado de Calamidade Administrativa)<\/b><span style=\"font-weight: 400;\">,\u00a0 agora enfrentam dificuldades di\u00e1rias devido \u00e0 falta de infraestrutura adequada da antiga gest\u00e3o.\u00a0<\/span><\/p>\n<p><img loading=\"lazy\" decoding=\"async\" class=\"alignnone  wp-image-1042\" src=\"http:\/\/connectaoeste.com.br\/wp-content\/uploads\/2025\/01\/Captura-de-tela-2025-01-09-134158-284x300.png\" alt=\"\" width=\"280\" height=\"296\" srcset=\"https:\/\/connectaoeste.com.br\/wp-content\/uploads\/2025\/01\/Captura-de-tela-2025-01-09-134158-284x300.png 284w, https:\/\/connectaoeste.com.br\/wp-content\/uploads\/2025\/01\/Captura-de-tela-2025-01-09-134158-200x211.png 200w, https:\/\/connectaoeste.com.br\/wp-content\/uploads\/2025\/01\/Captura-de-tela-2025-01-09-134158.png 581w\" sizes=\"auto, (max-width: 280px) 100vw, 280px\" \/><img loading=\"lazy\" decoding=\"async\" class=\"alignnone  wp-image-1043\" src=\"http:\/\/connectaoeste.com.br\/wp-content\/uploads\/2025\/01\/Captura-de-tela-2025-01-09-134217-300x277.png\" alt=\"\" width=\"323\" height=\"298\" srcset=\"https:\/\/connectaoeste.com.br\/wp-content\/uploads\/2025\/01\/Captura-de-tela-2025-01-09-134217-300x277.png 300w, https:\/\/connectaoeste.com.br\/wp-content\/uploads\/2025\/01\/Captura-de-tela-2025-01-09-134217-200x185.png 200w, https:\/\/connectaoeste.com.br\/wp-content\/uploads\/2025\/01\/Captura-de-tela-2025-01-09-134217.png 672w\" sizes=\"auto, (max-width: 323px) 100vw, 323px\" \/><\/p>\n<p><span style=\"font-weight: 400;\">Ruas esburacadas, falta de ilumina\u00e7\u00e3o p\u00fablica, coleta de lixo irregular, ve\u00edculos sucateados,\u00a0 e a precariedade dos servi\u00e7os de sa\u00fade s\u00e3o apenas alguns dos problemas que afetam a popula\u00e7\u00e3o.<\/span><\/p>\n<p><img loading=\"lazy\" decoding=\"async\" class=\"alignnone  wp-image-1047\" src=\"http:\/\/connectaoeste.com.br\/wp-content\/uploads\/2025\/01\/Captura-de-tela-2025-01-09-145130-300x286.png\" alt=\"\" width=\"315\" height=\"300\" srcset=\"https:\/\/connectaoeste.com.br\/wp-content\/uploads\/2025\/01\/Captura-de-tela-2025-01-09-145130-300x286.png 300w, https:\/\/connectaoeste.com.br\/wp-content\/uploads\/2025\/01\/Captura-de-tela-2025-01-09-145130-200x191.png 200w, https:\/\/connectaoeste.com.br\/wp-content\/uploads\/2025\/01\/Captura-de-tela-2025-01-09-145130.png 674w\" sizes=\"auto, (max-width: 315px) 100vw, 315px\" \/><img loading=\"lazy\" decoding=\"async\" class=\"alignnone  wp-image-1046\" src=\"http:\/\/connectaoeste.com.br\/wp-content\/uploads\/2025\/01\/Captura-de-tela-2025-01-09-134259-300x275.png\" alt=\"\" width=\"327\" height=\"300\" srcset=\"https:\/\/connectaoeste.com.br\/wp-content\/uploads\/2025\/01\/Captura-de-tela-2025-01-09-134259-300x275.png 300w, https:\/\/connectaoeste.com.br\/wp-content\/uploads\/2025\/01\/Captura-de-tela-2025-01-09-134259-200x183.png 200w, https:\/\/connectaoeste.com.br\/wp-content\/uploads\/2025\/01\/Captura-de-tela-2025-01-09-134259.png 592w\" sizes=\"auto, (max-width: 327px) 100vw, 327px\" \/><\/p>\n<p><span style=\"font-weight: 400;\">Segundo a atual gest\u00e3o informou que <\/span><span style=\"font-weight: 400;\">\u00a0o momento exige paci\u00eancia e compreens\u00e3o, mas reafirmamos nosso compromisso com voc\u00ea, cidad\u00e3o de Correntina. Estamos determinados a transformar essa dificuldade em uma oportunidade de reconstruir uma cidade mais eficiente, justa e preparada para o futuro.<\/span><\/p>\n","protected":false},"excerpt":{"rendered":"<p>Segundo informa\u00e7\u00f5es do Instagram da Prefeitura Municipal de Correntina, a cidade \u00e9 encontrada em descaso total (Estado de Calamidade Administrativa),\u00a0 agora enfrentam dificuldades di\u00e1rias devido \u00e0 falta de infraestrutura adequada da antiga gest\u00e3o.\u00a0 Ruas esburacadas, falta de ilumina\u00e7\u00e3o p\u00fablica, coleta de lixo irregular, ve\u00edculos sucateados,\u00a0 e a precariedade dos servi\u00e7os de sa\u00fade s\u00e3o apenas alguns [&hellip;]<\/p>\n","protected":false},"author":1,"featured_media":1051,"comment_status":"open","ping_status":"open","sticky":false,"template":"","format":"standard","meta":{"footnotes":""},"categories":[7,8,45,5,1,64],"tags":[],"class_list":["post-1041","post","type-post","status-publish","format-standard","has-post-thumbnail","hentry","category-bahia","category-brasil","category-correntina","category-noticias","category-politica","category-saude"],"_links":{"self":[{"href":"https:\/\/connectaoeste.com.br\/index.php\/wp-json\/wp\/v2\/posts\/1041","targetHints":{"allow":["GET"]}}],"collection":[{"href":"https:\/\/connectaoeste.com.br\/index.php\/wp-json\/wp\/v2\/posts"}],"about":[{"href":"https:\/\/connectaoeste.com.br\/index.php\/wp-json\/wp\/v2\/types\/post"}],"author":[{"embeddable":true,"href":"https:\/\/connectaoeste.com.br\/index.php\/wp-json\/wp\/v2\/users\/1"}],"replies":[{"embeddable":true,"href":"https:\/\/connectaoeste.com.br\/index.php\/wp-json\/wp\/v2\/comments?post=1041"}],"version-history":[{"count":2,"href":"https:\/\/connectaoeste.com.br\/index.php\/wp-json\/wp\/v2\/posts\/1041\/revisions"}],"predecessor-version":[{"id":1052,"href":"https:\/\/connectaoeste.com.br\/index.php\/wp-json\/wp\/v2\/posts\/1041\/revisions\/1052"}],"wp:featuredmedia":[{"embeddable":true,"href":"https:\/\/connectaoeste.com.br\/index.php\/wp-json\/wp\/v2\/media\/1051"}],"wp:attachment":[{"href":"https:\/\/connectaoeste.com.br\/index.php\/wp-json\/wp\/v2\/media?parent=1041"}],"wp:term":[{"taxonomy":"category","embeddable":true,"href":"https:\/\/connectaoeste.com.br\/index.php\/wp-json\/wp\/v2\/categories?post=1041"},{"taxonomy":"post_tag","embeddable":true,"href":"https:\/\/connectaoeste.com.br\/index.php\/wp-json\/wp\/v2\/tags?post=1041"}],"curies":[{"name":"wp","href":"https:\/\/api.w.org\/{rel}","templated":true}]}}