{"id":1072,"date":"2025-01-12T21:33:51","date_gmt":"2025-01-13T00:33:51","guid":{"rendered":"https:\/\/connectaoeste.com.br\/?p=1072"},"modified":"2025-01-12T21:33:51","modified_gmt":"2025-01-13T00:33:51","slug":"coletiva-de-imprensa-na-prefeitura-de-correntina-compromisso-com-a-transparencia-e-eficiencia","status":"publish","type":"post","link":"https:\/\/connectaoeste.com.br\/index.php\/2025\/01\/12\/coletiva-de-imprensa-na-prefeitura-de-correntina-compromisso-com-a-transparencia-e-eficiencia\/","title":{"rendered":"Coletiva de Imprensa na Prefeitura de Correntina: Compromisso com a Transpar\u00eancia e Efici\u00eancia."},"content":{"rendered":"<p>Na coletiva de imprensa coberta pelo blog Connecta Oeste, o atual Prefeito e sua equipe de governo enfatizam sobre a m\u00e1 gest\u00e3o deixada pelo antigo gestor, Nilson Maguila. Durante a coletiva, foram discutidas as condi\u00e7\u00f5es prec\u00e1rias da sa\u00fade p\u00fablica, com hospitais e unidades de sa\u00fade enfrentando s\u00e9rias dificuldades devido \u00e0 falta de investimentos e manuten\u00e7\u00e3o adequada. Al\u00e9m disso, foi destacado o estado de sucateamento dos ve\u00edculos da prefeitura, que se encontram em condi\u00e7\u00f5es deplor\u00e1veis, prejudicando a presta\u00e7\u00e3o de servi\u00e7os essenciais \u00e0 popula\u00e7\u00e3o.<br \/>\nA \u00faltima administra\u00e7\u00e3o da prefeitura tamb\u00e9m foi alvo de cr\u00edticas, com relatos de m\u00e1 gest\u00e3o e falta de transpar\u00eancia nas a\u00e7\u00f5es, segundo o atual governo a gest\u00e3o anterior deixou um legado de desorganiza\u00e7\u00e3o e falta de transpar\u00eancia, o que dificultou a execu\u00e7\u00e3o de projetos e a aloca\u00e7\u00e3o eficiente dos recursos p\u00fablicos. Segundo o atual prefeito Walter Mariano a atual gest\u00e3o est\u00e1 trabalhando arduamente para corrigir essas falhas e implementar um sistema de gest\u00e3o mais eficiente e transparente.<br \/>\nUm dos pontos mais preocupantes abordados foi a falta de pagamento dos sal\u00e1rios de dezembro e do d\u00e9cimo terceiro dos servidores p\u00fablicos, que foram deixados para tr\u00e1s pela gest\u00e3o de Nilson Jos\u00e9 Rodrigues (Maguila). Essa situa\u00e7\u00e3o gerou grande insatisfa\u00e7\u00e3o entre os funcion\u00e1rios e a popula\u00e7\u00e3o, que agora aguardam medidas efetivas para resolver esses problemas e garantir a retomada dos servi\u00e7os p\u00fablicos de qualidade.<\/p>\n<div style=\"width: 640px;\" class=\"wp-video\"><!--[if lt IE 9]><script>document.createElement('video');<\/script><![endif]-->\n<video class=\"wp-video-shortcode\" id=\"video-1072-1\" width=\"640\" height=\"360\" preload=\"metadata\" controls=\"controls\"><source type=\"video\/mp4\" src=\"http:\/\/connectaoeste.com.br\/wp-content\/uploads\/2025\/01\/CONECTA-1.mp4?_=1\" \/><a href=\"http:\/\/connectaoeste.com.br\/wp-content\/uploads\/2025\/01\/CONECTA-1.mp4\">http:\/\/connectaoeste.com.br\/wp-content\/uploads\/2025\/01\/CONECTA-1.mp4<\/a><\/video><\/div>\n<p>A coletiva de imprensa foi um momento crucial para a prefeitura expor os desafios enfrentados pela nova gest\u00e3o e reafirmar o compromisso com a transpar\u00eancia e a efici\u00eancia na administra\u00e7\u00e3o p\u00fablica de Correntina. O Prefeito Mariano e sua equipe se dizem estarem determinados a superar os obst\u00e1culos e a construir um futuro melhor para todos os cidad\u00e3os.<br \/>\nCONNECTA OESTE CONECTANDO VOC\u00ca A INFORMA\u00c7\u00c3O!<\/p>\n","protected":false},"excerpt":{"rendered":"<p>Na coletiva de imprensa coberta pelo blog Connecta Oeste, o atual Prefeito e sua equipe de governo enfatizam sobre a m\u00e1 gest\u00e3o deixada pelo antigo gestor, Nilson Maguila. Durante a coletiva, foram discutidas as condi\u00e7\u00f5es prec\u00e1rias da sa\u00fade p\u00fablica, com hospitais e unidades de sa\u00fade enfrentando s\u00e9rias dificuldades devido \u00e0 falta de investimentos e manuten\u00e7\u00e3o [&hellip;]<\/p>\n","protected":false},"author":1,"featured_media":1062,"comment_status":"open","ping_status":"open","sticky":false,"template":"","format":"standard","meta":{"footnotes":""},"categories":[7,8,45,5,1],"tags":[],"class_list":["post-1072","post","type-post","status-publish","format-standard","has-post-thumbnail","hentry","category-bahia","category-brasil","category-correntina","category-noticias","category-politica"],"_links":{"self":[{"href":"https:\/\/connectaoeste.com.br\/index.php\/wp-json\/wp\/v2\/posts\/1072","targetHints":{"allow":["GET"]}}],"collection":[{"href":"https:\/\/connectaoeste.com.br\/index.php\/wp-json\/wp\/v2\/posts"}],"about":[{"href":"https:\/\/connectaoeste.com.br\/index.php\/wp-json\/wp\/v2\/types\/post"}],"author":[{"embeddable":true,"href":"https:\/\/connectaoeste.com.br\/index.php\/wp-json\/wp\/v2\/users\/1"}],"replies":[{"embeddable":true,"href":"https:\/\/connectaoeste.com.br\/index.php\/wp-json\/wp\/v2\/comments?post=1072"}],"version-history":[{"count":3,"href":"https:\/\/connectaoeste.com.br\/index.php\/wp-json\/wp\/v2\/posts\/1072\/revisions"}],"predecessor-version":[{"id":1077,"href":"https:\/\/connectaoeste.com.br\/index.php\/wp-json\/wp\/v2\/posts\/1072\/revisions\/1077"}],"wp:featuredmedia":[{"embeddable":true,"href":"https:\/\/connectaoeste.com.br\/index.php\/wp-json\/wp\/v2\/media\/1062"}],"wp:attachment":[{"href":"https:\/\/connectaoeste.com.br\/index.php\/wp-json\/wp\/v2\/media?parent=1072"}],"wp:term":[{"taxonomy":"category","embeddable":true,"href":"https:\/\/connectaoeste.com.br\/index.php\/wp-json\/wp\/v2\/categories?post=1072"},{"taxonomy":"post_tag","embeddable":true,"href":"https:\/\/connectaoeste.com.br\/index.php\/wp-json\/wp\/v2\/tags?post=1072"}],"curies":[{"name":"wp","href":"https:\/\/api.w.org\/{rel}","templated":true}]}}