{"id":1079,"date":"2025-01-13T11:55:00","date_gmt":"2025-01-13T14:55:00","guid":{"rendered":"https:\/\/connectaoeste.com.br\/?p=1079"},"modified":"2025-01-13T11:55:00","modified_gmt":"2025-01-13T14:55:00","slug":"prefeito-de-luis-eduardo-magalhaes-investe-em-cursos-profissionalizantes","status":"publish","type":"post","link":"https:\/\/connectaoeste.com.br\/index.php\/2025\/01\/13\/prefeito-de-luis-eduardo-magalhaes-investe-em-cursos-profissionalizantes\/","title":{"rendered":"Prefeito de Lu\u00eds Eduardo Magalh\u00e3es investe em cursos profissionalizantes."},"content":{"rendered":"<p><strong>Acontecem hoje, Inscri\u00e7\u00f5es para cursos gratuitos de almoxarife, operador de caixa e repositor de mercadorias.<\/strong><\/p>\n<p>A Prefeitura de Lu\u00eds Eduardo Magalh\u00e3es, atrav\u00e9s da Secretaria Municipal da Cidadania, em parceria com o Programa Manoel Querino, Funda\u00e7\u00e3o Esperan\u00e7a e o Governo do Estado, torna p\u00fablico a abertura das inscri\u00e7\u00f5es nesta segunda-feira (13), para os cursos gratuitos de almoxarife, operador de caixa e repositor de mercadorias.<\/p>\n<p><img loading=\"lazy\" decoding=\"async\" class=\"alignnone size-medium wp-image-1080\" src=\"http:\/\/connectaoeste.com.br\/wp-content\/uploads\/2025\/01\/WhatsApp-Image-2025-01-13-at-08.24.08-300x300.jpeg\" alt=\"\" width=\"300\" height=\"300\" srcset=\"https:\/\/connectaoeste.com.br\/wp-content\/uploads\/2025\/01\/WhatsApp-Image-2025-01-13-at-08.24.08-300x300.jpeg 300w, https:\/\/connectaoeste.com.br\/wp-content\/uploads\/2025\/01\/WhatsApp-Image-2025-01-13-at-08.24.08-1024x1024.jpeg 1024w, https:\/\/connectaoeste.com.br\/wp-content\/uploads\/2025\/01\/WhatsApp-Image-2025-01-13-at-08.24.08-150x150.jpeg 150w, https:\/\/connectaoeste.com.br\/wp-content\/uploads\/2025\/01\/WhatsApp-Image-2025-01-13-at-08.24.08-768x768.jpeg 768w, https:\/\/connectaoeste.com.br\/wp-content\/uploads\/2025\/01\/WhatsApp-Image-2025-01-13-at-08.24.08-200x200.jpeg 200w, https:\/\/connectaoeste.com.br\/wp-content\/uploads\/2025\/01\/WhatsApp-Image-2025-01-13-at-08.24.08.jpeg 1080w\" sizes=\"auto, (max-width: 300px) 100vw, 300px\" \/> <img loading=\"lazy\" decoding=\"async\" class=\"alignnone size-medium wp-image-1081\" src=\"http:\/\/connectaoeste.com.br\/wp-content\/uploads\/2025\/01\/WhatsApp-Image-2025-01-13-at-08.24.09-1-300x300.jpeg\" alt=\"\" width=\"300\" height=\"300\" srcset=\"https:\/\/connectaoeste.com.br\/wp-content\/uploads\/2025\/01\/WhatsApp-Image-2025-01-13-at-08.24.09-1-300x300.jpeg 300w, https:\/\/connectaoeste.com.br\/wp-content\/uploads\/2025\/01\/WhatsApp-Image-2025-01-13-at-08.24.09-1-1024x1024.jpeg 1024w, https:\/\/connectaoeste.com.br\/wp-content\/uploads\/2025\/01\/WhatsApp-Image-2025-01-13-at-08.24.09-1-150x150.jpeg 150w, https:\/\/connectaoeste.com.br\/wp-content\/uploads\/2025\/01\/WhatsApp-Image-2025-01-13-at-08.24.09-1-768x768.jpeg 768w, https:\/\/connectaoeste.com.br\/wp-content\/uploads\/2025\/01\/WhatsApp-Image-2025-01-13-at-08.24.09-1-200x200.jpeg 200w, https:\/\/connectaoeste.com.br\/wp-content\/uploads\/2025\/01\/WhatsApp-Image-2025-01-13-at-08.24.09-1.jpeg 1080w\" sizes=\"auto, (max-width: 300px) 100vw, 300px\" \/> <img loading=\"lazy\" decoding=\"async\" class=\"alignnone size-medium wp-image-1083\" src=\"http:\/\/connectaoeste.com.br\/wp-content\/uploads\/2025\/01\/WhatsApp-Image-2025-01-13-at-08.24.09-300x300.jpeg\" alt=\"\" width=\"300\" height=\"300\" srcset=\"https:\/\/connectaoeste.com.br\/wp-content\/uploads\/2025\/01\/WhatsApp-Image-2025-01-13-at-08.24.09-300x300.jpeg 300w, https:\/\/connectaoeste.com.br\/wp-content\/uploads\/2025\/01\/WhatsApp-Image-2025-01-13-at-08.24.09-1024x1024.jpeg 1024w, https:\/\/connectaoeste.com.br\/wp-content\/uploads\/2025\/01\/WhatsApp-Image-2025-01-13-at-08.24.09-150x150.jpeg 150w, https:\/\/connectaoeste.com.br\/wp-content\/uploads\/2025\/01\/WhatsApp-Image-2025-01-13-at-08.24.09-768x768.jpeg 768w, https:\/\/connectaoeste.com.br\/wp-content\/uploads\/2025\/01\/WhatsApp-Image-2025-01-13-at-08.24.09-200x200.jpeg 200w, https:\/\/connectaoeste.com.br\/wp-content\/uploads\/2025\/01\/WhatsApp-Image-2025-01-13-at-08.24.09.jpeg 1080w\" sizes=\"auto, (max-width: 300px) 100vw, 300px\" \/><img loading=\"lazy\" decoding=\"async\" class=\"alignnone size-medium wp-image-1082\" src=\"http:\/\/connectaoeste.com.br\/wp-content\/uploads\/2025\/01\/WhatsApp-Image-2025-01-13-at-08.24.09-2-300x300.jpeg\" alt=\"\" width=\"300\" height=\"300\" srcset=\"https:\/\/connectaoeste.com.br\/wp-content\/uploads\/2025\/01\/WhatsApp-Image-2025-01-13-at-08.24.09-2-300x300.jpeg 300w, https:\/\/connectaoeste.com.br\/wp-content\/uploads\/2025\/01\/WhatsApp-Image-2025-01-13-at-08.24.09-2-1024x1024.jpeg 1024w, https:\/\/connectaoeste.com.br\/wp-content\/uploads\/2025\/01\/WhatsApp-Image-2025-01-13-at-08.24.09-2-150x150.jpeg 150w, https:\/\/connectaoeste.com.br\/wp-content\/uploads\/2025\/01\/WhatsApp-Image-2025-01-13-at-08.24.09-2-768x768.jpeg 768w, https:\/\/connectaoeste.com.br\/wp-content\/uploads\/2025\/01\/WhatsApp-Image-2025-01-13-at-08.24.09-2-200x200.jpeg 200w, https:\/\/connectaoeste.com.br\/wp-content\/uploads\/2025\/01\/WhatsApp-Image-2025-01-13-at-08.24.09-2.jpeg 1080w\" sizes=\"auto, (max-width: 300px) 100vw, 300px\" \/><\/p>\n<p>S\u00e3o ao todo 20 vagas para cada curso. A previs\u00e3o \u00e9 de que as aulas iniciem no dia 15 de janeiro (com dura\u00e7\u00e3o de 30 dias), no mesmo local onde ser\u00e3o realizadas as inscri\u00e7\u00f5es.<\/p>\n<p><strong>Documenta\u00e7\u00e3o necess\u00e1ria<\/strong><br \/>\nPara fazer o curso \u00e9 necess\u00e1rio ser maior de 18 anos e apresentar os seguintes documentos no momento da inscri\u00e7\u00e3o: c\u00f3pia do RG e CPF, Comprovante de resid\u00eancia e comprovante de escolaridade.<\/p>\n<p><strong>Confira o curso e o local de inscri\u00e7\u00e3o:<\/strong><br \/>\n<strong>Almoxarife<\/strong><br \/>\nLocal das inscri\u00e7\u00f5es: CRAS Major Pedro Paulo<br \/>\nEndere\u00e7o: Rua Flamboyant, n\u00ba731, Bairro Jd. das Ac\u00e1cias<br \/>\nHor\u00e1rio: 9h \u00e0s 17h.<\/p>\n<p><strong>Repositor de Mercadoria<\/strong><br \/>\nLocal das inscri\u00e7\u00f5es: CRAS Cladis Brito<br \/>\nEndere\u00e7o: Rua Paran\u00e1, n\u00ba1555, Bairro Mimoso 2<br \/>\nHor\u00e1rio: 9h \u00e0s 17h.<\/p>\n<p><strong>Operador de Caixa<\/strong><br \/>\nLocal das inscri\u00e7\u00f5es: Associa\u00e7\u00e3o dos Moradores do Aracruz \u2013 AMA<br \/>\nEndere\u00e7o: Rua Jo\u00e3o Dourado, N\u00ba440, Bairro Santa Cruz<br \/>\nHor\u00e1rio: 9h \u00e0s 17h.<\/p>\n<p><strong>CONNECTA OESTE CONECTANDO VOC\u00ca A INFORMA\u00c7\u00c3O!<\/strong><\/p>\n","protected":false},"excerpt":{"rendered":"<p>Acontecem hoje, Inscri\u00e7\u00f5es para cursos gratuitos de almoxarife, operador de caixa e repositor de mercadorias. A Prefeitura de Lu\u00eds Eduardo Magalh\u00e3es, atrav\u00e9s da Secretaria Municipal da Cidadania, em parceria com o Programa Manoel Querino, Funda\u00e7\u00e3o Esperan\u00e7a e o Governo do Estado, torna p\u00fablico a abertura das inscri\u00e7\u00f5es nesta segunda-feira (13), para os cursos gratuitos de [&hellip;]<\/p>\n","protected":false},"author":1,"featured_media":1087,"comment_status":"open","ping_status":"open","sticky":false,"template":"","format":"standard","meta":{"footnotes":""},"categories":[7,8,46,5],"tags":[],"class_list":["post-1079","post","type-post","status-publish","format-standard","has-post-thumbnail","hentry","category-bahia","category-brasil","category-lem","category-noticias"],"_links":{"self":[{"href":"https:\/\/connectaoeste.com.br\/index.php\/wp-json\/wp\/v2\/posts\/1079","targetHints":{"allow":["GET"]}}],"collection":[{"href":"https:\/\/connectaoeste.com.br\/index.php\/wp-json\/wp\/v2\/posts"}],"about":[{"href":"https:\/\/connectaoeste.com.br\/index.php\/wp-json\/wp\/v2\/types\/post"}],"author":[{"embeddable":true,"href":"https:\/\/connectaoeste.com.br\/index.php\/wp-json\/wp\/v2\/users\/1"}],"replies":[{"embeddable":true,"href":"https:\/\/connectaoeste.com.br\/index.php\/wp-json\/wp\/v2\/comments?post=1079"}],"version-history":[{"count":3,"href":"https:\/\/connectaoeste.com.br\/index.php\/wp-json\/wp\/v2\/posts\/1079\/revisions"}],"predecessor-version":[{"id":1086,"href":"https:\/\/connectaoeste.com.br\/index.php\/wp-json\/wp\/v2\/posts\/1079\/revisions\/1086"}],"wp:featuredmedia":[{"embeddable":true,"href":"https:\/\/connectaoeste.com.br\/index.php\/wp-json\/wp\/v2\/media\/1087"}],"wp:attachment":[{"href":"https:\/\/connectaoeste.com.br\/index.php\/wp-json\/wp\/v2\/media?parent=1079"}],"wp:term":[{"taxonomy":"category","embeddable":true,"href":"https:\/\/connectaoeste.com.br\/index.php\/wp-json\/wp\/v2\/categories?post=1079"},{"taxonomy":"post_tag","embeddable":true,"href":"https:\/\/connectaoeste.com.br\/index.php\/wp-json\/wp\/v2\/tags?post=1079"}],"curies":[{"name":"wp","href":"https:\/\/api.w.org\/{rel}","templated":true}]}}