{"id":1116,"date":"2025-01-26T11:45:00","date_gmt":"2025-01-26T14:45:00","guid":{"rendered":"https:\/\/connectaoeste.com.br\/?p=1116"},"modified":"2025-01-26T11:47:58","modified_gmt":"2025-01-26T14:47:58","slug":"aviao-agricola-cai-em-correntina-ba-apos-colidir-com-rede-de-alta-tensao","status":"publish","type":"post","link":"https:\/\/connectaoeste.com.br\/index.php\/2025\/01\/26\/aviao-agricola-cai-em-correntina-ba-apos-colidir-com-rede-de-alta-tensao\/","title":{"rendered":"Avi\u00e3o Agr\u00edcola Cai em Correntina-BA, Ap\u00f3s Colidir com Rede de Alta Tens\u00e3o."},"content":{"rendered":"<p>Ocorreu um acidente ontem envolvendo um avi\u00e3o agr\u00edcola em Correntina, Bahia. O acidente aconteceu no s\u00e1bado, 25 de janeiro, por volta das 17h55min.\u00a0 A aeronave colidiu com uma linha de alta tens\u00e3o antes de cair.<\/p>\n<div style=\"width: 470px;\" class=\"wp-video\"><!--[if lt IE 9]><script>document.createElement('video');<\/script><![endif]-->\n<video class=\"wp-video-shortcode\" id=\"video-1116-1\" width=\"470\" height=\"562\" preload=\"metadata\" controls=\"controls\"><source type=\"video\/mp4\" src=\"http:\/\/connectaoeste.com.br\/wp-content\/uploads\/2025\/01\/Gravando-2025-01-26-112857.mp4?_=1\" \/><a href=\"http:\/\/connectaoeste.com.br\/wp-content\/uploads\/2025\/01\/Gravando-2025-01-26-112857.mp4\">http:\/\/connectaoeste.com.br\/wp-content\/uploads\/2025\/01\/Gravando-2025-01-26-112857.mp4<\/a><\/video><\/div>\n<p><span style=\"font-weight: 400;\">Felizmente, o piloto foi resgatado com vida segundo informa\u00e7\u00f5es obtidas, Uma per\u00edcia est\u00e1 sendo analisada no local para mais informa\u00e7\u00f5es em breve.<\/span><\/p>\n<p><strong>CONNECTA OESTE CONECTANDO VOC\u00ca A INFORMA\u00c7\u00c3O!<\/strong><\/p>\n","protected":false},"excerpt":{"rendered":"<p>Ocorreu um acidente ontem envolvendo um avi\u00e3o agr\u00edcola em Correntina, Bahia. O acidente aconteceu no s\u00e1bado, 25 de janeiro, por volta das 17h55min.\u00a0 A aeronave colidiu com uma linha de alta tens\u00e3o antes de cair. Felizmente, o piloto foi resgatado com vida segundo informa\u00e7\u00f5es obtidas, Uma per\u00edcia est\u00e1 sendo analisada no local para mais informa\u00e7\u00f5es [&hellip;]<\/p>\n","protected":false},"author":1,"featured_media":1120,"comment_status":"open","ping_status":"open","sticky":false,"template":"","format":"standard","meta":{"footnotes":""},"categories":[7,8,45,5],"tags":[],"class_list":["post-1116","post","type-post","status-publish","format-standard","has-post-thumbnail","hentry","category-bahia","category-brasil","category-correntina","category-noticias"],"_links":{"self":[{"href":"https:\/\/connectaoeste.com.br\/index.php\/wp-json\/wp\/v2\/posts\/1116","targetHints":{"allow":["GET"]}}],"collection":[{"href":"https:\/\/connectaoeste.com.br\/index.php\/wp-json\/wp\/v2\/posts"}],"about":[{"href":"https:\/\/connectaoeste.com.br\/index.php\/wp-json\/wp\/v2\/types\/post"}],"author":[{"embeddable":true,"href":"https:\/\/connectaoeste.com.br\/index.php\/wp-json\/wp\/v2\/users\/1"}],"replies":[{"embeddable":true,"href":"https:\/\/connectaoeste.com.br\/index.php\/wp-json\/wp\/v2\/comments?post=1116"}],"version-history":[{"count":2,"href":"https:\/\/connectaoeste.com.br\/index.php\/wp-json\/wp\/v2\/posts\/1116\/revisions"}],"predecessor-version":[{"id":1121,"href":"https:\/\/connectaoeste.com.br\/index.php\/wp-json\/wp\/v2\/posts\/1116\/revisions\/1121"}],"wp:featuredmedia":[{"embeddable":true,"href":"https:\/\/connectaoeste.com.br\/index.php\/wp-json\/wp\/v2\/media\/1120"}],"wp:attachment":[{"href":"https:\/\/connectaoeste.com.br\/index.php\/wp-json\/wp\/v2\/media?parent=1116"}],"wp:term":[{"taxonomy":"category","embeddable":true,"href":"https:\/\/connectaoeste.com.br\/index.php\/wp-json\/wp\/v2\/categories?post=1116"},{"taxonomy":"post_tag","embeddable":true,"href":"https:\/\/connectaoeste.com.br\/index.php\/wp-json\/wp\/v2\/tags?post=1116"}],"curies":[{"name":"wp","href":"https:\/\/api.w.org\/{rel}","templated":true}]}}