{"id":1122,"date":"2025-01-27T12:50:47","date_gmt":"2025-01-27T15:50:47","guid":{"rendered":"https:\/\/connectaoeste.com.br\/?p=1122"},"modified":"2025-01-27T13:00:11","modified_gmt":"2025-01-27T16:00:11","slug":"jornada-pedagogica-2025-em-correntina-ba-uma-experiencia-transformadora","status":"publish","type":"post","link":"https:\/\/connectaoeste.com.br\/index.php\/2025\/01\/27\/jornada-pedagogica-2025-em-correntina-ba-uma-experiencia-transformadora\/","title":{"rendered":"Jornada Pedag\u00f3gica 2025 em Correntina-BA: Uma Experi\u00eancia Transformadora."},"content":{"rendered":"<p>Nos dias 3 e 4 de fevereiro, a Escola Asn\u00edzia Silva Moreira, em Correntina, Bahia, ser\u00e1 o palco da t\u00e3o aguardada Jornada Pedag\u00f3gica 2025. Este evento promete ser uma experi\u00eancia enriquecedora e transformadora para todos os participantes.<\/p>\n<p>A Jornada Pedag\u00f3gica \u00e9 um momento especial de encontro, reflex\u00e3o e aprendizado colaborativo entre professores, gestores, coordenadores pedag\u00f3gicos e demais profissionais da educa\u00e7\u00e3o. \u00c9 uma oportunidade valiosa para compartilhar pr\u00e1ticas bem-sucedidas, discutir desafios enfrentados no cotidiano escolar e explorar novas estrat\u00e9gias pedag\u00f3gicas que poder\u00e3o ser aplicadas em sala de aula.<\/p>\n<p><img loading=\"lazy\" decoding=\"async\" class=\"alignnone wp-image-1123\" src=\"http:\/\/connectaoeste.com.br\/wp-content\/uploads\/2025\/01\/Captura-de-tela-2025-01-27-123854-300x292.png\" alt=\"\" width=\"592\" height=\"577\" srcset=\"https:\/\/connectaoeste.com.br\/wp-content\/uploads\/2025\/01\/Captura-de-tela-2025-01-27-123854-300x292.png 300w, https:\/\/connectaoeste.com.br\/wp-content\/uploads\/2025\/01\/Captura-de-tela-2025-01-27-123854-768x748.png 768w, https:\/\/connectaoeste.com.br\/wp-content\/uploads\/2025\/01\/Captura-de-tela-2025-01-27-123854-200x195.png 200w, https:\/\/connectaoeste.com.br\/wp-content\/uploads\/2025\/01\/Captura-de-tela-2025-01-27-123854.png 854w\" sizes=\"auto, (max-width: 592px) 100vw, 592px\" \/><\/p>\n<p>A participa\u00e7\u00e3o de todos os profissionais da educa\u00e7\u00e3o \u00e9 fundamental para tornar este evento um marco na forma\u00e7\u00e3o cont\u00ednua e no desenvolvimento da nossa rede escolar. Acreditamos que, juntos, podemos construir uma educa\u00e7\u00e3o mais forte, inclusiva e transformadora para nossos alunos.<\/p>\n<p>N\u00e3o perca esta oportunidade \u00fanica de crescimento profissional e networking com colegas dedicados \u00e0 melhoria da educa\u00e7\u00e3o. Venha fazer parte desta Jornada e contribuir para a constru\u00e7\u00e3o de um futuro melhor para nossa comunidade escolar.<\/p>\n<p><strong>CONNECTA OESTE CONECTANDO VOC\u00ca A INFORMA\u00c7\u00c3O!<\/strong><\/p>\n","protected":false},"excerpt":{"rendered":"<p>Nos dias 3 e 4 de fevereiro, a Escola Asn\u00edzia Silva Moreira, em Correntina, Bahia, ser\u00e1 o palco da t\u00e3o aguardada Jornada Pedag\u00f3gica 2025. Este evento promete ser uma experi\u00eancia enriquecedora e transformadora para todos os participantes. A Jornada Pedag\u00f3gica \u00e9 um momento especial de encontro, reflex\u00e3o e aprendizado colaborativo entre professores, gestores, coordenadores pedag\u00f3gicos [&hellip;]<\/p>\n","protected":false},"author":1,"featured_media":1125,"comment_status":"open","ping_status":"open","sticky":false,"template":"","format":"standard","meta":{"footnotes":""},"categories":[7,8,45,60,62,5],"tags":[],"class_list":["post-1122","post","type-post","status-publish","format-standard","has-post-thumbnail","hentry","category-bahia","category-brasil","category-correntina","category-educacao","category-evento","category-noticias"],"_links":{"self":[{"href":"https:\/\/connectaoeste.com.br\/index.php\/wp-json\/wp\/v2\/posts\/1122","targetHints":{"allow":["GET"]}}],"collection":[{"href":"https:\/\/connectaoeste.com.br\/index.php\/wp-json\/wp\/v2\/posts"}],"about":[{"href":"https:\/\/connectaoeste.com.br\/index.php\/wp-json\/wp\/v2\/types\/post"}],"author":[{"embeddable":true,"href":"https:\/\/connectaoeste.com.br\/index.php\/wp-json\/wp\/v2\/users\/1"}],"replies":[{"embeddable":true,"href":"https:\/\/connectaoeste.com.br\/index.php\/wp-json\/wp\/v2\/comments?post=1122"}],"version-history":[{"count":4,"href":"https:\/\/connectaoeste.com.br\/index.php\/wp-json\/wp\/v2\/posts\/1122\/revisions"}],"predecessor-version":[{"id":1128,"href":"https:\/\/connectaoeste.com.br\/index.php\/wp-json\/wp\/v2\/posts\/1122\/revisions\/1128"}],"wp:featuredmedia":[{"embeddable":true,"href":"https:\/\/connectaoeste.com.br\/index.php\/wp-json\/wp\/v2\/media\/1125"}],"wp:attachment":[{"href":"https:\/\/connectaoeste.com.br\/index.php\/wp-json\/wp\/v2\/media?parent=1122"}],"wp:term":[{"taxonomy":"category","embeddable":true,"href":"https:\/\/connectaoeste.com.br\/index.php\/wp-json\/wp\/v2\/categories?post=1122"},{"taxonomy":"post_tag","embeddable":true,"href":"https:\/\/connectaoeste.com.br\/index.php\/wp-json\/wp\/v2\/tags?post=1122"}],"curies":[{"name":"wp","href":"https:\/\/api.w.org\/{rel}","templated":true}]}}