{"id":1130,"date":"2025-01-28T19:33:40","date_gmt":"2025-01-28T22:33:40","guid":{"rendered":"https:\/\/connectaoeste.com.br\/?p=1130"},"modified":"2025-01-28T19:33:40","modified_gmt":"2025-01-28T22:33:40","slug":"presidente-do-santos-anuncia-volta-de-neymar","status":"publish","type":"post","link":"https:\/\/connectaoeste.com.br\/index.php\/2025\/01\/28\/presidente-do-santos-anuncia-volta-de-neymar\/","title":{"rendered":"Presidente do Santos anuncia volta de Neymar."},"content":{"rendered":"<p>Marcelo Teixeira, presidente do Santos, publicou em seu perfil no Instagram a confirma\u00e7\u00e3o da volta de Neymar ao clube. Com um v\u00eddeo narrado pelo pr\u00f3prio dirigente, ele encerra dando boas-vindas ao craque.<\/p>\n<div id=\"chunk-5s3lh\">\n<div class=\"mc-column content-text active-extra-styles \" data-block-type=\"unstyled\" data-block-weight=\"69\" data-block-id=\"5\">\n<p class=\" content-text__container \" data-track-category=\"Link no Texto\" data-track-links=\"\" data-mrf-recirculation=\"Artigo - Link no Texto\">Lembro, como se fosse hoje, quando nosso eterno capit\u00e3o Zito, juntamente com o Alem\u00e3o, veio me contar sobre mais um craque descoberto pelo querido e saudoso Betinho. Neymar era o seu nome. Um nome t\u00e3o diferente quanto seu talento. E que talento. Que prazer foi ver esse menino crescendo e se tornando o g\u00eanio que conquistou a na\u00e7\u00e3o santista, o Brasil e o mundo \u2013 diz Marcelo Teixeira.<\/p>\n<\/div>\n<\/div>\n<div id=\"chunk-6rj7a\">\n<div class=\"content-ads content-ads--reveal\" data-block-type=\"ads\" data-block-id=\"6\">\n<div id=\"banner_materia2\" class=\"tag-manager-publicidade-container mc-has-reveal mc-has-ad-lazyload tag-manager-publicidade-banner_materia2 tag-manager-publicidade-container--carregado tag-manager-publicidade-container--visivel\" data-id=\"banner_materia2\" data-google-query-id=\"CPTlg5e7mYsDFUlM3QIdIcc8Cg\">Ele est\u00e1 de mudan\u00e7a rumo ao Brasil e deve chegar nesta quarta. A ideia do Santos \u00e9 realizar um evento no Pacaembu, em S\u00e3o Paulo, na quinta-feira, com chance de se estender no mesmo dia para a Vila Belmiro, em Santos. A festa tamb\u00e9m deve seguir na Baixada Santista no cl\u00e1ssico contra o S\u00e3o Paulo, \u00e0s 20h30, no s\u00e1bado, quando o astro estar\u00e1 presente.<\/div>\n<div data-id=\"banner_materia2\" data-google-query-id=\"CPTlg5e7mYsDFUlM3QIdIcc8Cg\">\n<div style=\"width: 640px;\" class=\"wp-video\"><!--[if lt IE 9]><script>document.createElement('video');<\/script><![endif]-->\n<video class=\"wp-video-shortcode\" id=\"video-1130-1\" width=\"640\" height=\"1138\" preload=\"metadata\" controls=\"controls\"><source type=\"video\/mp4\" src=\"http:\/\/connectaoeste.com.br\/wp-content\/uploads\/2025\/01\/SaveClip.App_AQMCcDyiGKM9D6IhYTDz3HQk7Px0dvE2dxXgEUpSFfbxX-nyQi3mbnkiFkWm2ngNs_bc4vndjtR02o3LszPGl_O94f5Z-aJTgEwInpE.mp4?_=1\" \/><a href=\"http:\/\/connectaoeste.com.br\/wp-content\/uploads\/2025\/01\/SaveClip.App_AQMCcDyiGKM9D6IhYTDz3HQk7Px0dvE2dxXgEUpSFfbxX-nyQi3mbnkiFkWm2ngNs_bc4vndjtR02o3LszPGl_O94f5Z-aJTgEwInpE.mp4\">http:\/\/connectaoeste.com.br\/wp-content\/uploads\/2025\/01\/SaveClip.App_AQMCcDyiGKM9D6IhYTDz3HQk7Px0dvE2dxXgEUpSFfbxX-nyQi3mbnkiFkWm2ngNs_bc4vndjtR02o3LszPGl_O94f5Z-aJTgEwInpE.mp4<\/a><\/video><\/div>\n<\/div>\n<div data-id=\"banner_materia2\" data-google-query-id=\"CPTlg5e7mYsDFUlM3QIdIcc8Cg\">\n<div id=\"chunk-42l0j\">\n<div class=\"mc-column content-text active-extra-styles \" data-block-type=\"unstyled\" data-block-weight=\"58\" data-block-id=\"18\">\n<p class=\" content-text__container \" data-track-category=\"Link no Texto\" data-track-links=\"\" data-mrf-recirculation=\"Artigo - Link no Texto\">Com um contrato curto na Vila, Neymar ter\u00e1 liberdade para definir seu futuro, que pode at\u00e9 ser a perman\u00eancia no Santos at\u00e9 a Copa do Mundo de 2026. O Peixe, por\u00e9m, sabe do desejo do \u00eddolo em retornar ao futebol europeu na janela de ver\u00e3o, no meio do ano, quando deve terminar o contrato com o clube alvinegro.<\/p>\n<\/div>\n<\/div>\n<div id=\"chunk-brafl\">\n<div class=\"mc-column content-text active-extra-styles \" data-block-type=\"unstyled\" data-block-weight=\"44\" data-block-id=\"19\">\n<p class=\" content-text__container \" data-track-category=\"Link no Texto\" data-track-links=\"\" data-mrf-recirculation=\"Artigo - Link no Texto\">Neymar chegou ao Al Hilal em agosto de 2023, mas entrou em campo apenas sete vezes (quatro como titular) somando um gol e duas assist\u00eancias. No pr\u00f3ximo dia 5 de fevereiro, o craque completa 33 anos, muito provavelmente j\u00e1 em sua antiga nova casa.<\/p>\n<\/div>\n<\/div>\n<div id=\"chunk-32np3\">\n<div class=\"mc-column content-text active-extra-styles \" data-block-type=\"unstyled\" data-block-weight=\"34\" data-block-id=\"20\">\n<p class=\" content-text__container \" data-track-category=\"Link no Texto\" data-track-links=\"\" data-mrf-recirculation=\"Artigo - Link no Texto\">Pelo Santos, Neymar disputou 225 jogos e marcou 136 gols. Ele conquistou os t\u00edtulos da Libertadores (2011), da Recopa Sul-Americana (2012), da Copa do Brasil (2010) e do Campeonato Paulista (2010, 2011 e 2012).<\/p>\n<p data-track-category=\"Link no Texto\" data-track-links=\"\" data-mrf-recirculation=\"Artigo - Link no Texto\"><strong>CONNECTA OESTE CONECTANDO VOC\u00ca A INFORMA\u00c7\u00c3O!<\/strong><\/p>\n<\/div>\n<\/div>\n<\/div>\n<\/div>\n<\/div>\n","protected":false},"excerpt":{"rendered":"<p>Marcelo Teixeira, presidente do Santos, publicou em seu perfil no Instagram a confirma\u00e7\u00e3o da volta de Neymar ao clube. Com um v\u00eddeo narrado pelo pr\u00f3prio dirigente, ele encerra dando boas-vindas ao craque. Lembro, como se fosse hoje, quando nosso eterno capit\u00e3o Zito, juntamente com o Alem\u00e3o, veio me contar sobre mais um craque descoberto pelo [&hellip;]<\/p>\n","protected":false},"author":1,"featured_media":1133,"comment_status":"open","ping_status":"open","sticky":false,"template":"","format":"standard","meta":{"footnotes":""},"categories":[8,6,5],"tags":[],"class_list":["post-1130","post","type-post","status-publish","format-standard","has-post-thumbnail","hentry","category-brasil","category-esportes","category-noticias"],"_links":{"self":[{"href":"https:\/\/connectaoeste.com.br\/index.php\/wp-json\/wp\/v2\/posts\/1130","targetHints":{"allow":["GET"]}}],"collection":[{"href":"https:\/\/connectaoeste.com.br\/index.php\/wp-json\/wp\/v2\/posts"}],"about":[{"href":"https:\/\/connectaoeste.com.br\/index.php\/wp-json\/wp\/v2\/types\/post"}],"author":[{"embeddable":true,"href":"https:\/\/connectaoeste.com.br\/index.php\/wp-json\/wp\/v2\/users\/1"}],"replies":[{"embeddable":true,"href":"https:\/\/connectaoeste.com.br\/index.php\/wp-json\/wp\/v2\/comments?post=1130"}],"version-history":[{"count":2,"href":"https:\/\/connectaoeste.com.br\/index.php\/wp-json\/wp\/v2\/posts\/1130\/revisions"}],"predecessor-version":[{"id":1134,"href":"https:\/\/connectaoeste.com.br\/index.php\/wp-json\/wp\/v2\/posts\/1130\/revisions\/1134"}],"wp:featuredmedia":[{"embeddable":true,"href":"https:\/\/connectaoeste.com.br\/index.php\/wp-json\/wp\/v2\/media\/1133"}],"wp:attachment":[{"href":"https:\/\/connectaoeste.com.br\/index.php\/wp-json\/wp\/v2\/media?parent=1130"}],"wp:term":[{"taxonomy":"category","embeddable":true,"href":"https:\/\/connectaoeste.com.br\/index.php\/wp-json\/wp\/v2\/categories?post=1130"},{"taxonomy":"post_tag","embeddable":true,"href":"https:\/\/connectaoeste.com.br\/index.php\/wp-json\/wp\/v2\/tags?post=1130"}],"curies":[{"name":"wp","href":"https:\/\/api.w.org\/{rel}","templated":true}]}}