{"id":1135,"date":"2025-01-29T17:57:13","date_gmt":"2025-01-29T20:57:13","guid":{"rendered":"https:\/\/connectaoeste.com.br\/?p=1135"},"modified":"2025-01-29T17:57:13","modified_gmt":"2025-01-29T20:57:13","slug":"sisu-2025-atraso-do-mec-no-envio-da-lista-de-aprovados","status":"publish","type":"post","link":"https:\/\/connectaoeste.com.br\/index.php\/2025\/01\/29\/sisu-2025-atraso-do-mec-no-envio-da-lista-de-aprovados\/","title":{"rendered":"Sisu 2025: atraso do MEC no envio da lista de aprovados."},"content":{"rendered":"<p>Os candidatos do Sistema de Sele\u00e7\u00e3o Unificada (<a class=\"\" href=\"https:\/\/g1.globo.com\/tudo-sobre\/sisu\/\" data-mrf-link=\"https:\/\/g1.globo.com\/tudo-sobre\/sisu\/\">Sisu<\/a>) 2025 enfrentam mais um obst\u00e1culo na busca por uma vaga no ensino superior:\u00a0<strong>parte das universidades n\u00e3o havia recebido do Minist\u00e9rio da Educa\u00e7\u00e3o (MEC), at\u00e9 o in\u00edcio da tarde desta ter\u00e7a-feira (28), as listas de aprovados no processo seletivo.<\/strong><\/p>\n<p>Por isso, pelo menos 10 institui\u00e7\u00f5es federais \u2014 como a Universidade Federal da Para\u00edba (UFPB), a Universidade Federal do Estado do Rio de Janeiro (Unirio), a Universidade Federal Fluminense (UFF), a Universidade Federal do Rio Grande (Furg) e a Universidade Federal do Cear\u00e1 (UFC) \u2014<strong>alteraram o calend\u00e1rio de matr\u00edculas dos estudantes.<\/strong><\/p>\n<div id=\"chunk-6ktvv\">\n<div class=\"mc-column content-text active-extra-styles \" data-block-type=\"unstyled\" data-block-weight=\"63\" data-block-id=\"7\">\n<p class=\" content-text__container \" data-track-category=\"Link no Texto\" data-track-links=\"\" data-mrf-recirculation=\"Mat\u00e9ria - Links no Texto\"><strong>O que diz o MEC?\u00a0<\/strong>Diante disso, no in\u00edcio da tarde desta ter\u00e7a-feira, a pasta decidiu ampliar o prazo para a etapa. Agora, em vez de terminar em 31 de janeiro,\u00a0<span class=\"highlight highlighted\">o per\u00edodo de matr\u00edcula deve se estender at\u00e9 3 de fevereiro<\/span>. Segundo o MEC, as mudan\u00e7as n\u00e3o afetar\u00e3o o calend\u00e1rio acad\u00eamico. A decis\u00e3o deve ser publicada no Di\u00e1rio Oficial da Uni\u00e3o.<\/p>\n<\/div>\n<\/div>\n<div id=\"chunk-9hnkg\">\n<div class=\"mc-column content-text active-extra-styles \" data-block-type=\"unstyled\" data-block-weight=\"57\" data-block-id=\"8\">\n<p class=\" content-text__container \" data-track-category=\"Link no Texto\" data-track-links=\"\" data-mrf-recirculation=\"Mat\u00e9ria - Links no Texto\">A Universidade de Pernambuco (UPE), por exemplo, disse que estava sem acesso aos resultados oficiais do Sisu no sistema. Por isso, prev\u00ea que as matr\u00edculas comecem apenas em 29 de janeiro. J\u00e1 a Universidade Estadual da Para\u00edba (UEPB) optou por suspender o processo e s\u00f3 publicar um novo cronograma quando tiver acesso \u00e0s listas de aprovados.<\/p>\n<\/div>\n<\/div>\n<div id=\"chunk-4gelc\">\n<div class=\"mc-column content-text active-extra-styles \" data-block-type=\"unstyled\" data-block-weight=\"38\" data-block-id=\"9\">\n<p class=\" content-text__container \" data-track-category=\"Link no Texto\" data-track-links=\"\" data-mrf-recirculation=\"Mat\u00e9ria - Links no Texto\">A Universidade Federal de Goi\u00e1s (UFG) afirmou que teve acesso \u00e0 lista dos aprovados no final da tarde de segunda-feira (27), e que alterou o calend\u00e1rio de matr\u00edcula, que passa a ser de 28 a 31 de janeiro.<\/p>\n<\/div>\n<\/div>\n<div id=\"chunk-7gpjq\">\n<div class=\"mc-column content-text active-extra-styles \" data-block-type=\"unstyled\" data-block-weight=\"44\" data-block-id=\"10\">\n<p class=\" content-text__container \" data-track-category=\"Link no Texto\" data-track-links=\"\" data-mrf-recirculation=\"Mat\u00e9ria - Links no Texto\">Nas redes sociais, candidatos estavam preocupados: &#8220;Como pode esse processo ser a coisa mais confusa do mundo?&#8221;, disse uma estudante. &#8220;J\u00e1 n\u00e3o basta o site do Sisu ser uma batata. Agora \u00e9 o site da universidade que n\u00e3o libera a matr\u00edcula&#8221;, afirmou outro.<\/p>\n<p data-track-category=\"Link no Texto\" data-track-links=\"\" data-mrf-recirculation=\"Mat\u00e9ria - Links no Texto\"><strong>CONNECTA OESTE CONECTANDO VOC\u00ca A INFORMA\u00c7\u00c3O!<\/strong><\/p>\n<\/div>\n<\/div>\n","protected":false},"excerpt":{"rendered":"<p>Os candidatos do Sistema de Sele\u00e7\u00e3o Unificada (Sisu) 2025 enfrentam mais um obst\u00e1culo na busca por uma vaga no ensino superior:\u00a0parte das universidades n\u00e3o havia recebido do Minist\u00e9rio da Educa\u00e7\u00e3o (MEC), at\u00e9 o in\u00edcio da tarde desta ter\u00e7a-feira (28), as listas de aprovados no processo seletivo. Por isso, pelo menos 10 institui\u00e7\u00f5es federais \u2014 como [&hellip;]<\/p>\n","protected":false},"author":1,"featured_media":1136,"comment_status":"open","ping_status":"open","sticky":false,"template":"","format":"standard","meta":{"footnotes":""},"categories":[8,60,5],"tags":[],"class_list":["post-1135","post","type-post","status-publish","format-standard","has-post-thumbnail","hentry","category-brasil","category-educacao","category-noticias"],"_links":{"self":[{"href":"https:\/\/connectaoeste.com.br\/index.php\/wp-json\/wp\/v2\/posts\/1135","targetHints":{"allow":["GET"]}}],"collection":[{"href":"https:\/\/connectaoeste.com.br\/index.php\/wp-json\/wp\/v2\/posts"}],"about":[{"href":"https:\/\/connectaoeste.com.br\/index.php\/wp-json\/wp\/v2\/types\/post"}],"author":[{"embeddable":true,"href":"https:\/\/connectaoeste.com.br\/index.php\/wp-json\/wp\/v2\/users\/1"}],"replies":[{"embeddable":true,"href":"https:\/\/connectaoeste.com.br\/index.php\/wp-json\/wp\/v2\/comments?post=1135"}],"version-history":[{"count":2,"href":"https:\/\/connectaoeste.com.br\/index.php\/wp-json\/wp\/v2\/posts\/1135\/revisions"}],"predecessor-version":[{"id":1138,"href":"https:\/\/connectaoeste.com.br\/index.php\/wp-json\/wp\/v2\/posts\/1135\/revisions\/1138"}],"wp:featuredmedia":[{"embeddable":true,"href":"https:\/\/connectaoeste.com.br\/index.php\/wp-json\/wp\/v2\/media\/1136"}],"wp:attachment":[{"href":"https:\/\/connectaoeste.com.br\/index.php\/wp-json\/wp\/v2\/media?parent=1135"}],"wp:term":[{"taxonomy":"category","embeddable":true,"href":"https:\/\/connectaoeste.com.br\/index.php\/wp-json\/wp\/v2\/categories?post=1135"},{"taxonomy":"post_tag","embeddable":true,"href":"https:\/\/connectaoeste.com.br\/index.php\/wp-json\/wp\/v2\/tags?post=1135"}],"curies":[{"name":"wp","href":"https:\/\/api.w.org\/{rel}","templated":true}]}}