{"id":1139,"date":"2025-02-01T20:18:00","date_gmt":"2025-02-01T23:18:00","guid":{"rendered":"https:\/\/connectaoeste.com.br\/?p=1139"},"modified":"2025-02-01T20:18:00","modified_gmt":"2025-02-01T23:18:00","slug":"davi-alcolumbre-o-novo-presidente-do-senado","status":"publish","type":"post","link":"https:\/\/connectaoeste.com.br\/index.php\/2025\/02\/01\/davi-alcolumbre-o-novo-presidente-do-senado\/","title":{"rendered":"Davi Alcolumbre, o novo presidente do Senado"},"content":{"rendered":"<p>Davi Alcolumbre (Uni\u00e3o-AP) confirmou, neste s\u00e1bado 1\u00ba, o favoritismo e ser\u00e1 o novo presidente do Senado pelos pr\u00f3ximos dois anos. O pol\u00edtico j\u00e1 ocupou o cargo entre os anos de 2019 e 2021, quando desbancou a dinastia de Renan Calheiros (MDB-AL) no comando da Casa.<br \/>\nAntes de chegar novamente ao posto, Alcolumbre passou os \u00faltimos anos no comando da Comiss\u00e3o de Constitui\u00e7\u00e3o e Justi\u00e7a (CCJ), o principal colegiado do Senado. A lideran\u00e7a da CCJ permite, entre outras coisas, ditar o ritmo de pautas importantes no Congresso Nacional, que precisam passar pelo escrutinio do colegiado antes de irem ao Plen\u00e1rio.<\/p>\n<p>O senador tamb\u00e9m ficou conhecido, nos \u00faltimos anos, por ser um dos grandes articuladores das emendas parlamentares. \u00c9 tamb\u00e9m um dos principais l\u00edderes da Casa, respons\u00e1vel por negocia\u00e7\u00f5es de bastidores que envolvem cargos e relatorias. O papel desempenhado por Alcolumbre nestes casos ajuda a explicar a facilidade com que se tornou o candidato de consenso nesta elei\u00e7\u00e3o, tendo reunido o apoio de 12 partidos, entre eles o PT, de Lula, e o PL, de Jair Bolsonaro.<\/p>\n<div style=\"width: 640px;\" class=\"wp-video\"><!--[if lt IE 9]><script>document.createElement('video');<\/script><![endif]-->\n<video class=\"wp-video-shortcode\" id=\"video-1139-1\" width=\"640\" height=\"1138\" preload=\"metadata\" controls=\"controls\"><source type=\"video\/mp4\" src=\"http:\/\/connectaoeste.com.br\/wp-content\/uploads\/2025\/02\/2025.mp4?_=1\" \/><a href=\"http:\/\/connectaoeste.com.br\/wp-content\/uploads\/2025\/02\/2025.mp4\">http:\/\/connectaoeste.com.br\/wp-content\/uploads\/2025\/02\/2025.mp4<\/a><\/video><\/div>\n<p>Alcolumbre \u00e9 um dos principais exemplos de representantes do Centrio: soube dar andamento a pautas caras ao bolsonarismo quando o ex-capit\u00e3o estava no poder, ao mesmo tempo que freou os imperos da extrema-direita ap\u00f3s a chegada de Lula em um claro aceno ao petista.<\/p>\n<p><strong>CONNECTA OESTE CONECTANDO VOC\u00ca A INFORMA\u00c7\u00c3O!<\/strong><\/p>\n","protected":false},"excerpt":{"rendered":"<p>Davi Alcolumbre (Uni\u00e3o-AP) confirmou, neste s\u00e1bado 1\u00ba, o favoritismo e ser\u00e1 o novo presidente do Senado pelos pr\u00f3ximos dois anos. O pol\u00edtico j\u00e1 ocupou o cargo entre os anos de 2019 e 2021, quando desbancou a dinastia de Renan Calheiros (MDB-AL) no comando da Casa. Antes de chegar novamente ao posto, Alcolumbre passou os \u00faltimos [&hellip;]<\/p>\n","protected":false},"author":1,"featured_media":1141,"comment_status":"open","ping_status":"open","sticky":false,"template":"","format":"standard","meta":{"footnotes":""},"categories":[8,76,5,1,75],"tags":[],"class_list":["post-1139","post","type-post","status-publish","format-standard","has-post-thumbnail","hentry","category-brasil","category-df","category-noticias","category-politica","category-senado"],"_links":{"self":[{"href":"https:\/\/connectaoeste.com.br\/index.php\/wp-json\/wp\/v2\/posts\/1139","targetHints":{"allow":["GET"]}}],"collection":[{"href":"https:\/\/connectaoeste.com.br\/index.php\/wp-json\/wp\/v2\/posts"}],"about":[{"href":"https:\/\/connectaoeste.com.br\/index.php\/wp-json\/wp\/v2\/types\/post"}],"author":[{"embeddable":true,"href":"https:\/\/connectaoeste.com.br\/index.php\/wp-json\/wp\/v2\/users\/1"}],"replies":[{"embeddable":true,"href":"https:\/\/connectaoeste.com.br\/index.php\/wp-json\/wp\/v2\/comments?post=1139"}],"version-history":[{"count":1,"href":"https:\/\/connectaoeste.com.br\/index.php\/wp-json\/wp\/v2\/posts\/1139\/revisions"}],"predecessor-version":[{"id":1142,"href":"https:\/\/connectaoeste.com.br\/index.php\/wp-json\/wp\/v2\/posts\/1139\/revisions\/1142"}],"wp:featuredmedia":[{"embeddable":true,"href":"https:\/\/connectaoeste.com.br\/index.php\/wp-json\/wp\/v2\/media\/1141"}],"wp:attachment":[{"href":"https:\/\/connectaoeste.com.br\/index.php\/wp-json\/wp\/v2\/media?parent=1139"}],"wp:term":[{"taxonomy":"category","embeddable":true,"href":"https:\/\/connectaoeste.com.br\/index.php\/wp-json\/wp\/v2\/categories?post=1139"},{"taxonomy":"post_tag","embeddable":true,"href":"https:\/\/connectaoeste.com.br\/index.php\/wp-json\/wp\/v2\/tags?post=1139"}],"curies":[{"name":"wp","href":"https:\/\/api.w.org\/{rel}","templated":true}]}}