{"id":1143,"date":"2025-02-01T23:49:24","date_gmt":"2025-02-02T02:49:24","guid":{"rendered":"https:\/\/connectaoeste.com.br\/?p=1143"},"modified":"2025-02-01T23:54:02","modified_gmt":"2025-02-02T02:54:02","slug":"hugo-motta-o-novo-presidente-da-camara-dos-deputados","status":"publish","type":"post","link":"https:\/\/connectaoeste.com.br\/index.php\/2025\/02\/01\/hugo-motta-o-novo-presidente-da-camara-dos-deputados\/","title":{"rendered":"Hugo Motta, o novo presidente da C\u00e2mara dos Deputados"},"content":{"rendered":"<p>O deputado federal Hugo Motta (Republicanos-PB) ser\u00e1 o novo presidente da C\u00e2mara ap\u00f3s vencer a elei\u00e7\u00e3o realizada neste s\u00e1bado 1\u00ba, em Brasilia. O parlamentar, que nunca ocupou um posto na Mesa Diretora, comandar\u00e1 a C\u00e2mara pelos pr\u00f3ximos dois anos.<br \/>\nO politico paraibano tem 35 anos e ser\u00e1 o presidente mais jovem que a C\u00e2mara j\u00e1 teve. Apesar da pouca idade, esse \u00e9 o quarto mandato consecutivo de Motta como deputado federal. Na primeira vez que chegou \u00e0 C\u00e2mara, em 2010, ele tinha apenas 21 anos, tendo sido o mais jovem depurado federal eleito no Pa\u00eds naquela ocasi\u00e3o. Nos seus tr\u00eas primeiros mandatos como parlamentar, Motta foi filiado ao MDB. A \u00faltima elei\u00e7\u00e3o, por\u00e9m, se deu pelo Republicanos, sigla tradicionalmente ligada a Edir Macedo e a Igreja Universal do Reino de Deus.<\/p>\n<div style=\"width: 640px;\" class=\"wp-video\"><!--[if lt IE 9]><script>document.createElement('video');<\/script><![endif]-->\n<video class=\"wp-video-shortcode\" id=\"video-1143-1\" width=\"640\" height=\"1138\" preload=\"metadata\" controls=\"controls\"><source type=\"video\/mp4\" src=\"http:\/\/connectaoeste.com.br\/wp-content\/uploads\/2025\/02\/SaveClip.App_AQPvZ5t7epPqbnPbpQQREqb9m082qd0dJ4mfRbG0yjkGqRXK7TLdtAu0NNCTrFn87gtp6rF3Vh_cI9v1NYape3fnOntEX2j2uOlWivk.mp4?_=1\" \/><a href=\"http:\/\/connectaoeste.com.br\/wp-content\/uploads\/2025\/02\/SaveClip.App_AQPvZ5t7epPqbnPbpQQREqb9m082qd0dJ4mfRbG0yjkGqRXK7TLdtAu0NNCTrFn87gtp6rF3Vh_cI9v1NYape3fnOntEX2j2uOlWivk.mp4\">http:\/\/connectaoeste.com.br\/wp-content\/uploads\/2025\/02\/SaveClip.App_AQPvZ5t7epPqbnPbpQQREqb9m082qd0dJ4mfRbG0yjkGqRXK7TLdtAu0NNCTrFn87gtp6rF3Vh_cI9v1NYape3fnOntEX2j2uOlWivk.mp4<\/a><\/video><\/div>\n<p>Profissionalmente, Motta \u00e9 m\u00e9dico, mas n\u00e3o \u00e9 exagero dizer que o novo presidente da Casa \u00e9 um pol\u00edtico de carreira. Mais do que isso, o parlamentar tamb\u00e9m \u00e9 o que se costuma chamar de herdeiro pol\u00edtico, j\u00e1 que seus av\u00f3s maternos e paternos, al\u00e9m de seu pai, tamb\u00e9m ocuparam cargos eletivos ao longo das \u00faltimas d\u00e9cadas. O av\u00f5 Nabor Wanderley da N\u00f3brega foi prefeito da cidade de Patos, na Para\u00edba, na d\u00e9cada de 1950. Mais tarde, nos anos 2010, foi a vez de Nabor Wanderley Filho, pai do deputado, se aventurar na pol\u00edtica, tamb\u00e9m como prefeito de Patos. Ele ocupou o cargo por dois mandatos, antes de ser eleito deputado estadual. Em 2020 voltou ao posto e, em 2024, foi reeleito pela quarta vez,<\/p>\n<p>O av\u00f5 materno de Motta, Edivaldo Motta, tamb\u00e9m foi pol\u00edtico de carreira, tendo sido deputado estadual e deputado federal. A av\u00f3, Francisca Motta, j\u00e1 foi vice-prefeita de Patos nos anos 1990 e, depois, comandou a cidade entre 2013 e 2016. Ela tamb\u00e9m foi deputada estadual pela Para\u00edba em seis ocasi\u00f5es. Por fim, Motta \u00e9 apontado, constantemente, como um lobista de dois setores distantes do atual governo: o agroneg\u00f3cio e o mercado financeiro. Apesar das diverg\u00eancias, Motta foi o candidato do governo Lula (PT) na disputa da C\u00e2mara e tem prometido um mandato marcado pelo di\u00e1logo capaz de evitar a polariza\u00e7\u00e3o, com o PT e o PL tendo cargos importantes na Mesa Diretora e na chefia de algumas das principais comiss\u00f5es.<\/p>\n<p><strong>CONNECTA OESTE CONECTANDO VOC\u00ca A INFORMA\u00c7\u00c3O!<\/strong><\/p>\n","protected":false},"excerpt":{"rendered":"<p>O deputado federal Hugo Motta (Republicanos-PB) ser\u00e1 o novo presidente da C\u00e2mara ap\u00f3s vencer a elei\u00e7\u00e3o realizada neste s\u00e1bado 1\u00ba, em Brasilia. O parlamentar, que nunca ocupou um posto na Mesa Diretora, comandar\u00e1 a C\u00e2mara pelos pr\u00f3ximos dois anos. O politico paraibano tem 35 anos e ser\u00e1 o presidente mais jovem que a C\u00e2mara j\u00e1 [&hellip;]<\/p>\n","protected":false},"author":1,"featured_media":1145,"comment_status":"open","ping_status":"open","sticky":false,"template":"","format":"standard","meta":{"footnotes":""},"categories":[8,76,5,1],"tags":[],"class_list":["post-1143","post","type-post","status-publish","format-standard","has-post-thumbnail","hentry","category-brasil","category-df","category-noticias","category-politica"],"_links":{"self":[{"href":"https:\/\/connectaoeste.com.br\/index.php\/wp-json\/wp\/v2\/posts\/1143","targetHints":{"allow":["GET"]}}],"collection":[{"href":"https:\/\/connectaoeste.com.br\/index.php\/wp-json\/wp\/v2\/posts"}],"about":[{"href":"https:\/\/connectaoeste.com.br\/index.php\/wp-json\/wp\/v2\/types\/post"}],"author":[{"embeddable":true,"href":"https:\/\/connectaoeste.com.br\/index.php\/wp-json\/wp\/v2\/users\/1"}],"replies":[{"embeddable":true,"href":"https:\/\/connectaoeste.com.br\/index.php\/wp-json\/wp\/v2\/comments?post=1143"}],"version-history":[{"count":3,"href":"https:\/\/connectaoeste.com.br\/index.php\/wp-json\/wp\/v2\/posts\/1143\/revisions"}],"predecessor-version":[{"id":1147,"href":"https:\/\/connectaoeste.com.br\/index.php\/wp-json\/wp\/v2\/posts\/1143\/revisions\/1147"}],"wp:featuredmedia":[{"embeddable":true,"href":"https:\/\/connectaoeste.com.br\/index.php\/wp-json\/wp\/v2\/media\/1145"}],"wp:attachment":[{"href":"https:\/\/connectaoeste.com.br\/index.php\/wp-json\/wp\/v2\/media?parent=1143"}],"wp:term":[{"taxonomy":"category","embeddable":true,"href":"https:\/\/connectaoeste.com.br\/index.php\/wp-json\/wp\/v2\/categories?post=1143"},{"taxonomy":"post_tag","embeddable":true,"href":"https:\/\/connectaoeste.com.br\/index.php\/wp-json\/wp\/v2\/tags?post=1143"}],"curies":[{"name":"wp","href":"https:\/\/api.w.org\/{rel}","templated":true}]}}