{"id":1149,"date":"2025-02-03T13:21:49","date_gmt":"2025-02-03T16:21:49","guid":{"rendered":"https:\/\/connectaoeste.com.br\/?p=1149"},"modified":"2025-02-03T13:57:06","modified_gmt":"2025-02-03T16:57:06","slug":"acidente-grave-na-br-020-vitima-fatal","status":"publish","type":"post","link":"https:\/\/connectaoeste.com.br\/index.php\/2025\/02\/03\/acidente-grave-na-br-020-vitima-fatal\/","title":{"rendered":"Acidente GRAVE na BR 020 &#8211; Vitima Fatal"},"content":{"rendered":"<p><span style=\"font-weight: 400;\">Hoje pela manh\u00e3 <strong>03-02-2025<\/strong> um grave acidente que ocorreu na <strong>BR 020 em Roda Velha<\/strong>\u00a0onde foi colidido duas carretas resultando a morte de um correntinense <strong>Rodrigo Brand\u00e3o<\/strong>,\u00a0 at\u00e9 o momento ningu\u00e9m sabe o motivo e causa do acidente, per\u00edcia j\u00e1 est\u00e3o no local para averiguar a situa\u00e7\u00e3o.<\/span><\/p>\n<p><img loading=\"lazy\" decoding=\"async\" class=\"alignnone size-medium wp-image-1150\" src=\"http:\/\/connectaoeste.com.br\/wp-content\/uploads\/2025\/02\/WhatsApp-Image-2025-02-03-at-11.43.05-169x300.jpeg\" alt=\"\" width=\"169\" height=\"300\" srcset=\"https:\/\/connectaoeste.com.br\/wp-content\/uploads\/2025\/02\/WhatsApp-Image-2025-02-03-at-11.43.05-169x300.jpeg 169w, https:\/\/connectaoeste.com.br\/wp-content\/uploads\/2025\/02\/WhatsApp-Image-2025-02-03-at-11.43.05-576x1024.jpeg 576w, https:\/\/connectaoeste.com.br\/wp-content\/uploads\/2025\/02\/WhatsApp-Image-2025-02-03-at-11.43.05-768x1365.jpeg 768w, https:\/\/connectaoeste.com.br\/wp-content\/uploads\/2025\/02\/WhatsApp-Image-2025-02-03-at-11.43.05-864x1536.jpeg 864w, https:\/\/connectaoeste.com.br\/wp-content\/uploads\/2025\/02\/WhatsApp-Image-2025-02-03-at-11.43.05-200x356.jpeg 200w, https:\/\/connectaoeste.com.br\/wp-content\/uploads\/2025\/02\/WhatsApp-Image-2025-02-03-at-11.43.05.jpeg 900w\" sizes=\"auto, (max-width: 169px) 100vw, 169px\" \/> <img loading=\"lazy\" decoding=\"async\" class=\"alignnone size-medium wp-image-1152\" src=\"http:\/\/connectaoeste.com.br\/wp-content\/uploads\/2025\/02\/WhatsApp-Image-2025-02-03-at-11.43.04-169x300.jpeg\" alt=\"\" width=\"169\" height=\"300\" srcset=\"https:\/\/connectaoeste.com.br\/wp-content\/uploads\/2025\/02\/WhatsApp-Image-2025-02-03-at-11.43.04-169x300.jpeg 169w, https:\/\/connectaoeste.com.br\/wp-content\/uploads\/2025\/02\/WhatsApp-Image-2025-02-03-at-11.43.04-576x1024.jpeg 576w, https:\/\/connectaoeste.com.br\/wp-content\/uploads\/2025\/02\/WhatsApp-Image-2025-02-03-at-11.43.04-768x1365.jpeg 768w, https:\/\/connectaoeste.com.br\/wp-content\/uploads\/2025\/02\/WhatsApp-Image-2025-02-03-at-11.43.04-864x1536.jpeg 864w, https:\/\/connectaoeste.com.br\/wp-content\/uploads\/2025\/02\/WhatsApp-Image-2025-02-03-at-11.43.04-200x356.jpeg 200w, https:\/\/connectaoeste.com.br\/wp-content\/uploads\/2025\/02\/WhatsApp-Image-2025-02-03-at-11.43.04.jpeg 900w\" sizes=\"auto, (max-width: 169px) 100vw, 169px\" \/> <img loading=\"lazy\" decoding=\"async\" class=\"alignnone size-medium wp-image-1153\" src=\"http:\/\/connectaoeste.com.br\/wp-content\/uploads\/2025\/02\/WhatsApp-Image-2025-02-03-at-11.43.03-169x300.jpeg\" alt=\"\" width=\"169\" height=\"300\" srcset=\"https:\/\/connectaoeste.com.br\/wp-content\/uploads\/2025\/02\/WhatsApp-Image-2025-02-03-at-11.43.03-169x300.jpeg 169w, https:\/\/connectaoeste.com.br\/wp-content\/uploads\/2025\/02\/WhatsApp-Image-2025-02-03-at-11.43.03-576x1024.jpeg 576w, https:\/\/connectaoeste.com.br\/wp-content\/uploads\/2025\/02\/WhatsApp-Image-2025-02-03-at-11.43.03-768x1365.jpeg 768w, https:\/\/connectaoeste.com.br\/wp-content\/uploads\/2025\/02\/WhatsApp-Image-2025-02-03-at-11.43.03-864x1536.jpeg 864w, https:\/\/connectaoeste.com.br\/wp-content\/uploads\/2025\/02\/WhatsApp-Image-2025-02-03-at-11.43.03-200x356.jpeg 200w, https:\/\/connectaoeste.com.br\/wp-content\/uploads\/2025\/02\/WhatsApp-Image-2025-02-03-at-11.43.03.jpeg 900w\" sizes=\"auto, (max-width: 169px) 100vw, 169px\" \/> <img loading=\"lazy\" decoding=\"async\" class=\"alignnone size-medium wp-image-1151\" src=\"http:\/\/connectaoeste.com.br\/wp-content\/uploads\/2025\/02\/WhatsApp-Image-2025-02-03-at-11.43.04-1-169x300.jpeg\" alt=\"\" width=\"169\" height=\"300\" srcset=\"https:\/\/connectaoeste.com.br\/wp-content\/uploads\/2025\/02\/WhatsApp-Image-2025-02-03-at-11.43.04-1-169x300.jpeg 169w, https:\/\/connectaoeste.com.br\/wp-content\/uploads\/2025\/02\/WhatsApp-Image-2025-02-03-at-11.43.04-1-576x1024.jpeg 576w, https:\/\/connectaoeste.com.br\/wp-content\/uploads\/2025\/02\/WhatsApp-Image-2025-02-03-at-11.43.04-1-768x1365.jpeg 768w, https:\/\/connectaoeste.com.br\/wp-content\/uploads\/2025\/02\/WhatsApp-Image-2025-02-03-at-11.43.04-1-864x1536.jpeg 864w, https:\/\/connectaoeste.com.br\/wp-content\/uploads\/2025\/02\/WhatsApp-Image-2025-02-03-at-11.43.04-1-200x356.jpeg 200w, https:\/\/connectaoeste.com.br\/wp-content\/uploads\/2025\/02\/WhatsApp-Image-2025-02-03-at-11.43.04-1.jpeg 900w\" sizes=\"auto, (max-width: 169px) 100vw, 169px\" \/><\/p>\n<p><span style=\"font-weight: 400;\">Mais um trabalhador que se vai t\u00e3o jovem, o <strong>Connecta Oeste<\/strong> se solidariza com os amigos e familiares, que deus conforte o cora\u00e7\u00e3o de todos.<\/span><\/p>\n","protected":false},"excerpt":{"rendered":"<p>Hoje pela manh\u00e3 03-02-2025 um grave acidente que ocorreu na BR 020 em Roda Velha\u00a0onde foi colidido duas carretas resultando a morte de um correntinense Rodrigo Brand\u00e3o,\u00a0 at\u00e9 o momento ningu\u00e9m sabe o motivo e causa do acidente, per\u00edcia j\u00e1 est\u00e3o no local para averiguar a situa\u00e7\u00e3o. Mais um trabalhador que se vai t\u00e3o jovem, [&hellip;]<\/p>\n","protected":false},"author":1,"featured_media":1154,"comment_status":"open","ping_status":"open","sticky":false,"template":"","format":"standard","meta":{"footnotes":""},"categories":[7,8,45,5],"tags":[],"class_list":["post-1149","post","type-post","status-publish","format-standard","has-post-thumbnail","hentry","category-bahia","category-brasil","category-correntina","category-noticias"],"_links":{"self":[{"href":"https:\/\/connectaoeste.com.br\/index.php\/wp-json\/wp\/v2\/posts\/1149","targetHints":{"allow":["GET"]}}],"collection":[{"href":"https:\/\/connectaoeste.com.br\/index.php\/wp-json\/wp\/v2\/posts"}],"about":[{"href":"https:\/\/connectaoeste.com.br\/index.php\/wp-json\/wp\/v2\/types\/post"}],"author":[{"embeddable":true,"href":"https:\/\/connectaoeste.com.br\/index.php\/wp-json\/wp\/v2\/users\/1"}],"replies":[{"embeddable":true,"href":"https:\/\/connectaoeste.com.br\/index.php\/wp-json\/wp\/v2\/comments?post=1149"}],"version-history":[{"count":3,"href":"https:\/\/connectaoeste.com.br\/index.php\/wp-json\/wp\/v2\/posts\/1149\/revisions"}],"predecessor-version":[{"id":1157,"href":"https:\/\/connectaoeste.com.br\/index.php\/wp-json\/wp\/v2\/posts\/1149\/revisions\/1157"}],"wp:featuredmedia":[{"embeddable":true,"href":"https:\/\/connectaoeste.com.br\/index.php\/wp-json\/wp\/v2\/media\/1154"}],"wp:attachment":[{"href":"https:\/\/connectaoeste.com.br\/index.php\/wp-json\/wp\/v2\/media?parent=1149"}],"wp:term":[{"taxonomy":"category","embeddable":true,"href":"https:\/\/connectaoeste.com.br\/index.php\/wp-json\/wp\/v2\/categories?post=1149"},{"taxonomy":"post_tag","embeddable":true,"href":"https:\/\/connectaoeste.com.br\/index.php\/wp-json\/wp\/v2\/tags?post=1149"}],"curies":[{"name":"wp","href":"https:\/\/api.w.org\/{rel}","templated":true}]}}