{"id":1171,"date":"2025-02-06T19:43:26","date_gmt":"2025-02-06T22:43:26","guid":{"rendered":"https:\/\/connectaoeste.com.br\/?p=1171"},"modified":"2025-02-06T19:43:26","modified_gmt":"2025-02-06T22:43:26","slug":"neymar-reestreia-pelo-santos","status":"publish","type":"post","link":"https:\/\/connectaoeste.com.br\/index.php\/2025\/02\/06\/neymar-reestreia-pelo-santos\/","title":{"rendered":"Neymar reestreia pelo Santos"},"content":{"rendered":"<p>Neymar fez sua reestreia pelo Santos nesta quarta-feira (5), no trope\u00e7o dentro da Vila Belmiro com empate em 1 a 1 com o Botafogo-SP pela s\u00e9tima rodada do Campeonato Paulista. Eleito o craque do jogo mesmo tendo entrado no intervalo, o atacante projetou crescimento da equipe e afirmou que ainda est\u00e1 fora da forma f\u00edsica ideal para a temporada.<\/p>\n<div class=\"texto\">O craque ex-Barcelona, PSG e Al-Hilal atuou por 52 minutos na segunda etapa. Logo em sua primeira jogada, recebeu uma bolada e desabou no gramado com dores. Na sequ\u00eancia, elas apareceram por causa das pancadas dos jogadores do Botafogo-SP.<\/div>\n<div class=\"texto\">&#8220;\u00c9 dif\u00edcil voc\u00ea encontrar palavras para expressar o sentimento de amar algu\u00e9m. Eu amo o Santos e n\u00e3o tenho palavras para descrever o que senti hoje. Um jogo muito dif\u00edcil, at\u00e9 falei para o meu pai que era um time que ficava muito atr\u00e1s, chegava junto, muitas faltas. Tenho certeza que o Santos vai mudar muito, vai se encaixar e vai fazer o torcedor muito feliz&#8221;, disse Neymar, ap\u00f3s o jogo.<\/div>\n<div class=\"texto\">O camisa 10 do Peixe foi o grande nome do duelo. Com dribles, grandes chances criadas e quase um gola\u00e7o de fora da \u00e1rea ap\u00f3s jogada individual, mostrou que ser\u00e1 a grande refer\u00eancia t\u00e9cnica. Para isso, precisa ter sequ\u00eancia em campo com Pedro Caixinha.<\/div>\n<div>\n<div class=\"texto\">&#8220;Acho que no momento voc\u00ea n\u00e3o pensa em nada, s\u00f3 faz a jogada (quase gola\u00e7o). Natural, eu n\u00e3o prevejo, s\u00f3 fa\u00e7o o movimento. Quase fiz o gol, no outro errei o chute. Preciso de minutos, de jogos, n\u00e3o estou 100%. N\u00e3o imaginava que ia correr tanto, driblar tanto. Acho que em quatro ou cinco jogos estarei melhor.<\/div>\n<div class=\"texto\">&#8220;Eu poderia jogar mais hoje, mas calma. Vamos dar tempo. Hoje me senti muito bem, esperava correr menos do que corri. Estou feliz com meu jogo, me senti em casa. No gramado \u00e9 o que eu mais gosto de fazer. \u00c9 uma tristeza terminar o anivers\u00e1rio com o gosto amargo do empate. S\u00f3 pedir paci\u00eancia para a torcida, porque esse time vai melhor e dar alegrias&#8221;, finalizou Neymar.<\/div>\n<div class=\"texto\">O Santos lidera o Grupo B do Paulist\u00e3o com oito pontos em sete partidas disputadas. O pr\u00f3ximo compromisso ser\u00e1 no domingo (9), contra o Novorizontino, fora de casa.<img decoding=\"async\" src=\"https:\/\/cdn.oantagonista.com\/uploads\/2024\/03\/Volta-de-Neymar-aos-Santos-e-inevitavel-segundo-Marcelo-Teixeira-1.webp\" alt=\"Volta de Neymar aos Santos \u00e9 inevit\u00e1vel segundo Marcelo Teixeira\" \/><\/div>\n<\/div>\n<div><strong>CONNECTA OESTE CONECTANDO VOC\u00ca A INFORMA\u00c7\u00c3O!<\/strong><\/div>\n","protected":false},"excerpt":{"rendered":"<p>Neymar fez sua reestreia pelo Santos nesta quarta-feira (5), no trope\u00e7o dentro da Vila Belmiro com empate em 1 a 1 com o Botafogo-SP pela s\u00e9tima rodada do Campeonato Paulista. Eleito o craque do jogo mesmo tendo entrado no intervalo, o atacante projetou crescimento da equipe e afirmou que ainda est\u00e1 fora da forma f\u00edsica [&hellip;]<\/p>\n","protected":false},"author":1,"featured_media":1173,"comment_status":"open","ping_status":"open","sticky":false,"template":"","format":"standard","meta":{"footnotes":""},"categories":[8,6,9,78,5,77],"tags":[],"class_list":["post-1171","post","type-post","status-publish","format-standard","has-post-thumbnail","hentry","category-brasil","category-esportes","category-mundo","category-neymar","category-noticias","category-santos"],"_links":{"self":[{"href":"https:\/\/connectaoeste.com.br\/index.php\/wp-json\/wp\/v2\/posts\/1171","targetHints":{"allow":["GET"]}}],"collection":[{"href":"https:\/\/connectaoeste.com.br\/index.php\/wp-json\/wp\/v2\/posts"}],"about":[{"href":"https:\/\/connectaoeste.com.br\/index.php\/wp-json\/wp\/v2\/types\/post"}],"author":[{"embeddable":true,"href":"https:\/\/connectaoeste.com.br\/index.php\/wp-json\/wp\/v2\/users\/1"}],"replies":[{"embeddable":true,"href":"https:\/\/connectaoeste.com.br\/index.php\/wp-json\/wp\/v2\/comments?post=1171"}],"version-history":[{"count":1,"href":"https:\/\/connectaoeste.com.br\/index.php\/wp-json\/wp\/v2\/posts\/1171\/revisions"}],"predecessor-version":[{"id":1172,"href":"https:\/\/connectaoeste.com.br\/index.php\/wp-json\/wp\/v2\/posts\/1171\/revisions\/1172"}],"wp:featuredmedia":[{"embeddable":true,"href":"https:\/\/connectaoeste.com.br\/index.php\/wp-json\/wp\/v2\/media\/1173"}],"wp:attachment":[{"href":"https:\/\/connectaoeste.com.br\/index.php\/wp-json\/wp\/v2\/media?parent=1171"}],"wp:term":[{"taxonomy":"category","embeddable":true,"href":"https:\/\/connectaoeste.com.br\/index.php\/wp-json\/wp\/v2\/categories?post=1171"},{"taxonomy":"post_tag","embeddable":true,"href":"https:\/\/connectaoeste.com.br\/index.php\/wp-json\/wp\/v2\/tags?post=1171"}],"curies":[{"name":"wp","href":"https:\/\/api.w.org\/{rel}","templated":true}]}}