{"id":1228,"date":"2025-02-21T14:49:41","date_gmt":"2025-02-21T17:49:41","guid":{"rendered":"https:\/\/connectaoeste.com.br\/?p=1228"},"modified":"2025-02-21T14:49:41","modified_gmt":"2025-02-21T17:49:41","slug":"agrorosario-2025-correntina-ba","status":"publish","type":"post","link":"https:\/\/connectaoeste.com.br\/index.php\/2025\/02\/21\/agrorosario-2025-correntina-ba\/","title":{"rendered":"AgroRos\u00e1rio 2025 &#8211; Correntina Ba"},"content":{"rendered":"<p>Entre os dias 20 e 22 de fevereiro, a cidade de Correntina, na Bahia, ser\u00e1 palco da AgroRos\u00e1rio 2025, um dos principais eventos agr\u00edcolas da regi\u00e3o.<\/p>\n<p>A feira tem como objetivo levar informa\u00e7\u00e3o e avan\u00e7os tecnol\u00f3gicos aos profissionais da cadeira produtiva da regi\u00e3o do Oeste da Bahia, al\u00e9m de gerar oportunidades de neg\u00f3cios.<\/p>\n<p>A feira com com exposi\u00e7\u00f5es, demonstra\u00e7\u00f5es de tecnologias e palestras, al\u00e9m de proporcionar aos\u00a0 seus parceiros e visitantes, um ambiente de conhecimento, relacionamento e neg\u00f3cios.<\/p>\n<p>A programa\u00e7\u00e3o contar\u00e1 com palestras sobre energia solar, cultivo de trigo, impactos da reforma tribut\u00e1ria no agro, integra\u00e7\u00e3o lavoura-pecu\u00e1ria e alojamentos rurais e legisla\u00e7\u00e3o trabalhista.<\/p>\n<p>Neste ano, a expectativa \u00e9 superar os n\u00fameros da edi\u00e7\u00e3o anterior, que fechou com 165 expositores e mais de 16,3 mil visitantes.<\/p>\n<p>Al\u00e9m disso, a feira tamb\u00e9m destaca seu papel social, doando o valor arrecado com a entrada solid\u00e1ria e parte do valor arrecadado com os espa\u00e7os de expositores durante o evento para entidades beneficentes. Em 2024, o valor ofertado foi de R$ 40 mil.<\/p>\n<p><strong>CONNECTA OESTE CONECTANDO VOC\u00ca A INFORMA\u00c7\u00c3O!<\/strong><\/p>\n","protected":false},"excerpt":{"rendered":"<p>Entre os dias 20 e 22 de fevereiro, a cidade de Correntina, na Bahia, ser\u00e1 palco da AgroRos\u00e1rio 2025, um dos principais eventos agr\u00edcolas da regi\u00e3o. A feira tem como objetivo levar informa\u00e7\u00e3o e avan\u00e7os tecnol\u00f3gicos aos profissionais da cadeira produtiva da regi\u00e3o do Oeste da Bahia, al\u00e9m de gerar oportunidades de neg\u00f3cios. A feira [&hellip;]<\/p>\n","protected":false},"author":1,"featured_media":1229,"comment_status":"open","ping_status":"open","sticky":false,"template":"","format":"standard","meta":{"footnotes":""},"categories":[7,45,62,5],"tags":[],"class_list":["post-1228","post","type-post","status-publish","format-standard","has-post-thumbnail","hentry","category-bahia","category-correntina","category-evento","category-noticias"],"_links":{"self":[{"href":"https:\/\/connectaoeste.com.br\/index.php\/wp-json\/wp\/v2\/posts\/1228","targetHints":{"allow":["GET"]}}],"collection":[{"href":"https:\/\/connectaoeste.com.br\/index.php\/wp-json\/wp\/v2\/posts"}],"about":[{"href":"https:\/\/connectaoeste.com.br\/index.php\/wp-json\/wp\/v2\/types\/post"}],"author":[{"embeddable":true,"href":"https:\/\/connectaoeste.com.br\/index.php\/wp-json\/wp\/v2\/users\/1"}],"replies":[{"embeddable":true,"href":"https:\/\/connectaoeste.com.br\/index.php\/wp-json\/wp\/v2\/comments?post=1228"}],"version-history":[{"count":2,"href":"https:\/\/connectaoeste.com.br\/index.php\/wp-json\/wp\/v2\/posts\/1228\/revisions"}],"predecessor-version":[{"id":1231,"href":"https:\/\/connectaoeste.com.br\/index.php\/wp-json\/wp\/v2\/posts\/1228\/revisions\/1231"}],"wp:featuredmedia":[{"embeddable":true,"href":"https:\/\/connectaoeste.com.br\/index.php\/wp-json\/wp\/v2\/media\/1229"}],"wp:attachment":[{"href":"https:\/\/connectaoeste.com.br\/index.php\/wp-json\/wp\/v2\/media?parent=1228"}],"wp:term":[{"taxonomy":"category","embeddable":true,"href":"https:\/\/connectaoeste.com.br\/index.php\/wp-json\/wp\/v2\/categories?post=1228"},{"taxonomy":"post_tag","embeddable":true,"href":"https:\/\/connectaoeste.com.br\/index.php\/wp-json\/wp\/v2\/tags?post=1228"}],"curies":[{"name":"wp","href":"https:\/\/api.w.org\/{rel}","templated":true}]}}