{"id":1244,"date":"2025-02-25T16:05:21","date_gmt":"2025-02-25T19:05:21","guid":{"rendered":"https:\/\/connectaoeste.com.br\/?p=1244"},"modified":"2025-02-25T16:07:23","modified_gmt":"2025-02-25T19:07:23","slug":"prf-inicia-operacao-carnaval-2025","status":"publish","type":"post","link":"https:\/\/connectaoeste.com.br\/index.php\/2025\/02\/25\/prf-inicia-operacao-carnaval-2025\/","title":{"rendered":"PRF inicia Opera\u00e7\u00e3o Carnaval 2025 em toda a Bahia."},"content":{"rendered":"<p class=\"p2\">A Pol\u00edcia Rodovi\u00e1ria Federal (PRF) dar\u00e1 in\u00edcio \u00e0 Opera\u00e7\u00e3o Carnaval 2025 nas rodovias federais da Bahia \u00e0 partir da zero hora de 24 de fevereiro, com previs\u00e3o de t\u00e9rmino \u00e0s 23h59 de 5 de mar\u00e7o. Durante esse per\u00edodo, um grande n\u00famero de foli\u00f5es, tanto baianos quanto turistas, deve se deslocar pelas rodovias em dire\u00e7\u00e3o aos destinos de festa e lazer, o que exige uma aten\u00e7\u00e3o especial \u00e0 seguran\u00e7a vi\u00e1ria.<\/p>\n<p class=\"p2\"><span class=\"s2\">O foco da opera\u00e7\u00e3o ser\u00e1 garantir a fluidez do tr\u00e2nsito e evitar acidentes, com refor\u00e7o na fiscaliza\u00e7\u00e3o em pontos estrat\u00e9gicos. Considerando o aumento no volume de ve\u00edculos, as a\u00e7\u00f5es da PRF ter\u00e3o \u00eanfase no combate ao excesso de velocidade, uma das principais causas de acidentes graves, al\u00e9m da fiscaliza\u00e7\u00e3o de ultrapassagens irregulares e da combina\u00e7\u00e3o de \u00e1lcool e dire\u00e7\u00e3o.<\/span><\/p>\n<p class=\"p2\"><span class=\"s2\">Mobilizando todo o seu efetivo, a PRF na Bahia estar\u00e1 presente em todo o trajeto das rodovias federais, com mais de 8 mil quil\u00f4metros sendo monitorados e fiscalizados. O patrulhamento ser\u00e1 intensificado em locais com maior incid\u00eancia de acidentes e infra\u00e7\u00f5es, priorizando as \u00e1reas mais cr\u00edticas.<\/span><\/p>\n<div style=\"width: 640px;\" class=\"wp-video\"><!--[if lt IE 9]><script>document.createElement('video');<\/script><![endif]-->\n<video class=\"wp-video-shortcode\" id=\"video-1244-1\" width=\"640\" height=\"360\" preload=\"metadata\" controls=\"controls\"><source type=\"video\/mp4\" src=\"http:\/\/connectaoeste.com.br\/wp-content\/uploads\/2025\/02\/SaveClip.App_AQOwwtYZAOWsV7McC4ripjmdJaMmp44mBB7WAHwvFWVbRU6iaNNM4xGpKurEIC5d2to4alPV_ivqm7Rep2E-g9LQcxwuZFfolakZ0bw.mp4?_=1\" \/><a href=\"http:\/\/connectaoeste.com.br\/wp-content\/uploads\/2025\/02\/SaveClip.App_AQOwwtYZAOWsV7McC4ripjmdJaMmp44mBB7WAHwvFWVbRU6iaNNM4xGpKurEIC5d2to4alPV_ivqm7Rep2E-g9LQcxwuZFfolakZ0bw.mp4\">http:\/\/connectaoeste.com.br\/wp-content\/uploads\/2025\/02\/SaveClip.App_AQOwwtYZAOWsV7McC4ripjmdJaMmp44mBB7WAHwvFWVbRU6iaNNM4xGpKurEIC5d2to4alPV_ivqm7Rep2E-g9LQcxwuZFfolakZ0bw.mp4<\/a><\/video><\/div>\n<p>&nbsp;<\/p>\n<p class=\"p2\"><span class=\"s2\">A PRF tamb\u00e9m estar\u00e1 atenta \u00e0s infra\u00e7\u00f5es que mais aumentam durante feriados, como o n\u00e3o uso do cinto de seguran\u00e7a, manobras perigosas e o uso de celular ao volante. Al\u00e9m disso, radares m\u00f3veis ser\u00e3o utilizados de forma intensiva nas principais rodovias do estado, visando reduzir a gravidade dos acidentes, pois o excesso de velocidade compromete a capacidade de rea\u00e7\u00e3o do motorista e aumenta o tempo necess\u00e1rio para a frenagem do ve\u00edculo.<\/span><\/p>\n<p class=\"p2\"><span class=\"s2\">Em paralelo \u00e0 fiscaliza\u00e7\u00e3o, a PRF desenvolver\u00e1 a\u00e7\u00f5es educativas, com o objetivo de conscientizar os motoristas sobre a import\u00e2ncia do cumprimento das leis de tr\u00e2nsito. A opera\u00e7\u00e3o tamb\u00e9m contar\u00e1 com equipes especializadas no combate ao crime, com o apoio de c\u00e3es farejadores, que ajudam na detec\u00e7\u00e3o de il\u00edcitos, especialmente relacionados ao tr\u00e1fico de drogas e armas.<\/span><\/p>\n<p class=\"p2\"><span class=\"s2\">A fiscaliza\u00e7\u00e3o ser\u00e1 intensificada tamb\u00e9m no transporte coletivo, com abordagens preventivas em \u00f4nibus de turismo e ve\u00edculos de transporte interestadual nos principais acessos a Salvador e outras cidades de grande movimento. A PRF visa garantir a seguran\u00e7a dos passageiros e assegurar que as condi\u00e7\u00f5es de viagem sejam adequadas.<\/span><\/p>\n<p class=\"p2\"><span class=\"s2\">A expectativa \u00e9 de que o fluxo de ve\u00edculos nas rodovias federais da Bahia cres\u00e7a entre 10% e 15% durante o per\u00edodo de Carnaval. O pico do movimento de sa\u00edda deve ocorrer entre a tarde e a noite de sexta-feira (28), com maior movimenta\u00e7\u00e3o tamb\u00e9m na manh\u00e3 de s\u00e1bado (01). O retorno ser\u00e1 mais intenso na tarde e noite de ter\u00e7a-feira (04), com tr\u00e1fego elevado tamb\u00e9m na quarta-feira de Cinzas (05).<\/span><\/p>\n<p><strong>CONNECTA OESTE CONECTANDO VOC\u00ca A INFORMA\u00c7\u00c3O!<\/strong><\/p>\n","protected":false},"excerpt":{"rendered":"<p>A Pol\u00edcia Rodovi\u00e1ria Federal (PRF) dar\u00e1 in\u00edcio \u00e0 Opera\u00e7\u00e3o Carnaval 2025 nas rodovias federais da Bahia \u00e0 partir da zero hora de 24 de fevereiro, com previs\u00e3o de t\u00e9rmino \u00e0s 23h59 de 5 de mar\u00e7o. Durante esse per\u00edodo, um grande n\u00famero de foli\u00f5es, tanto baianos quanto turistas, deve se deslocar pelas rodovias em dire\u00e7\u00e3o aos [&hellip;]<\/p>\n","protected":false},"author":1,"featured_media":1245,"comment_status":"open","ping_status":"open","sticky":false,"template":"","format":"standard","meta":{"footnotes":""},"categories":[7,69,8,84,45,63,46,5,70,44],"tags":[],"class_list":["post-1244","post","type-post","status-publish","format-standard","has-post-thumbnail","hentry","category-bahia","category-barreiras","category-brasil","category-carnaval","category-correntina","category-festa","category-lem","category-noticias","category-prf","category-salvador"],"_links":{"self":[{"href":"https:\/\/connectaoeste.com.br\/index.php\/wp-json\/wp\/v2\/posts\/1244","targetHints":{"allow":["GET"]}}],"collection":[{"href":"https:\/\/connectaoeste.com.br\/index.php\/wp-json\/wp\/v2\/posts"}],"about":[{"href":"https:\/\/connectaoeste.com.br\/index.php\/wp-json\/wp\/v2\/types\/post"}],"author":[{"embeddable":true,"href":"https:\/\/connectaoeste.com.br\/index.php\/wp-json\/wp\/v2\/users\/1"}],"replies":[{"embeddable":true,"href":"https:\/\/connectaoeste.com.br\/index.php\/wp-json\/wp\/v2\/comments?post=1244"}],"version-history":[{"count":6,"href":"https:\/\/connectaoeste.com.br\/index.php\/wp-json\/wp\/v2\/posts\/1244\/revisions"}],"predecessor-version":[{"id":1252,"href":"https:\/\/connectaoeste.com.br\/index.php\/wp-json\/wp\/v2\/posts\/1244\/revisions\/1252"}],"wp:featuredmedia":[{"embeddable":true,"href":"https:\/\/connectaoeste.com.br\/index.php\/wp-json\/wp\/v2\/media\/1245"}],"wp:attachment":[{"href":"https:\/\/connectaoeste.com.br\/index.php\/wp-json\/wp\/v2\/media?parent=1244"}],"wp:term":[{"taxonomy":"category","embeddable":true,"href":"https:\/\/connectaoeste.com.br\/index.php\/wp-json\/wp\/v2\/categories?post=1244"},{"taxonomy":"post_tag","embeddable":true,"href":"https:\/\/connectaoeste.com.br\/index.php\/wp-json\/wp\/v2\/tags?post=1244"}],"curies":[{"name":"wp","href":"https:\/\/api.w.org\/{rel}","templated":true}]}}