{"id":1256,"date":"2025-02-27T16:02:15","date_gmt":"2025-02-27T19:02:15","guid":{"rendered":"https:\/\/connectaoeste.com.br\/?p=1256"},"modified":"2025-02-27T16:02:15","modified_gmt":"2025-02-27T19:02:15","slug":"menina-de-9-anos-e-sequestrada-e-abusada-suspeito-e-linchado","status":"publish","type":"post","link":"https:\/\/connectaoeste.com.br\/index.php\/2025\/02\/27\/menina-de-9-anos-e-sequestrada-e-abusada-suspeito-e-linchado\/","title":{"rendered":"Menina de 9 anos \u00e9 sequestrada e abusada; suspeito \u00e9 linchado."},"content":{"rendered":"<p>A crian\u00e7a foi encontrada em um al\u00e7ap\u00e3o escondido nos fundos de uma loja de conveni\u00eancia pertencente ao suspeito<\/p>\n<p class=\"texto\">A crian\u00e7a desapareceu na tarde de ter\u00e7a-feira (25), ap\u00f3s sair para brincar em uma pra\u00e7a pr\u00f3xima \u00e0 sua casa,\u00a0em Tramanda\u00ed, no Litoral Norte do Rio Grande do Sul.<\/p>\n<p class=\"texto\">Preocupados com a demora da filha para retornar, os pais iniciaram uma busca e registraram o desaparecimento por volta das 19h. A mobiliza\u00e7\u00e3o envolveu campanhas online e at\u00e9 um ve\u00edculo de som para divulgar informa\u00e7\u00f5es sobre o caso.<\/p>\n<div style=\"width: 480px;\" class=\"wp-video\"><!--[if lt IE 9]><script>document.createElement('video');<\/script><![endif]-->\n<video class=\"wp-video-shortcode\" id=\"video-1256-1\" width=\"480\" height=\"864\" preload=\"metadata\" controls=\"controls\"><source type=\"video\/mp4\" src=\"http:\/\/connectaoeste.com.br\/wp-content\/uploads\/2025\/02\/WhatsApp-Video-2025-02-27-at-15.58.42.mp4?_=1\" \/><a href=\"http:\/\/connectaoeste.com.br\/wp-content\/uploads\/2025\/02\/WhatsApp-Video-2025-02-27-at-15.58.42.mp4\">http:\/\/connectaoeste.com.br\/wp-content\/uploads\/2025\/02\/WhatsApp-Video-2025-02-27-at-15.58.42.mp4<\/a><\/video><\/div>\n<p class=\"texto\">Na manh\u00e3 de quarta-feira (26), o paradeiro da menina foi descoberto. Ela foi encontrada em um al\u00e7ap\u00e3o escondido nos fundos de uma loja de conveni\u00eancia pertencente a Marco Ant\u00f4nio Bocker Jacob, um idoso que teria usado um picol\u00e9 para atra\u00ed-la at\u00e9 o estabelecimento.<\/p>\n<p class=\"texto\">Ap\u00f3s o resgate, a crian\u00e7a revelou ter sido abusada pelo suspeito. Ao ser identificado, Marco Ant\u00f4nio foi alvo da revolta popular. Quando policiais chegaram para det\u00ea-lo, uma multid\u00e3o o capturou e o espancou at\u00e9 a morte.<\/p>\n<p class=\"texto\">Testemunhas relataram que o homem costumava oferecer doces \u00e0s crian\u00e7as que brincavam perto de sua loja. Com um hist\u00f3rico criminal extenso, incluindo feminic\u00eddio, tr\u00e1fico de drogas, roubo de ve\u00edculos, maus-tratos a animais e agress\u00e3o f\u00edsica, ele era o principal suspeito do crime. A pol\u00edcia, no entanto, n\u00e3o descarta a possibilidade de envolvimento de outras pessoas na a\u00e7\u00e3o.<\/p>\n<p><strong>CONNECTA OESTE CONECTANDO VOC\u00ca A INFORMA\u00c7\u00c3O!<\/strong><\/p>\n","protected":false},"excerpt":{"rendered":"<p>A crian\u00e7a foi encontrada em um al\u00e7ap\u00e3o escondido nos fundos de uma loja de conveni\u00eancia pertencente ao suspeito A crian\u00e7a desapareceu na tarde de ter\u00e7a-feira (25), ap\u00f3s sair para brincar em uma pra\u00e7a pr\u00f3xima \u00e0 sua casa,\u00a0em Tramanda\u00ed, no Litoral Norte do Rio Grande do Sul. Preocupados com a demora da filha para retornar, os [&hellip;]<\/p>\n","protected":false},"author":1,"featured_media":1259,"comment_status":"open","ping_status":"open","sticky":false,"template":"","format":"standard","meta":{"footnotes":""},"categories":[8,5],"tags":[],"class_list":["post-1256","post","type-post","status-publish","format-standard","has-post-thumbnail","hentry","category-brasil","category-noticias"],"_links":{"self":[{"href":"https:\/\/connectaoeste.com.br\/index.php\/wp-json\/wp\/v2\/posts\/1256","targetHints":{"allow":["GET"]}}],"collection":[{"href":"https:\/\/connectaoeste.com.br\/index.php\/wp-json\/wp\/v2\/posts"}],"about":[{"href":"https:\/\/connectaoeste.com.br\/index.php\/wp-json\/wp\/v2\/types\/post"}],"author":[{"embeddable":true,"href":"https:\/\/connectaoeste.com.br\/index.php\/wp-json\/wp\/v2\/users\/1"}],"replies":[{"embeddable":true,"href":"https:\/\/connectaoeste.com.br\/index.php\/wp-json\/wp\/v2\/comments?post=1256"}],"version-history":[{"count":2,"href":"https:\/\/connectaoeste.com.br\/index.php\/wp-json\/wp\/v2\/posts\/1256\/revisions"}],"predecessor-version":[{"id":1261,"href":"https:\/\/connectaoeste.com.br\/index.php\/wp-json\/wp\/v2\/posts\/1256\/revisions\/1261"}],"wp:featuredmedia":[{"embeddable":true,"href":"https:\/\/connectaoeste.com.br\/index.php\/wp-json\/wp\/v2\/media\/1259"}],"wp:attachment":[{"href":"https:\/\/connectaoeste.com.br\/index.php\/wp-json\/wp\/v2\/media?parent=1256"}],"wp:term":[{"taxonomy":"category","embeddable":true,"href":"https:\/\/connectaoeste.com.br\/index.php\/wp-json\/wp\/v2\/categories?post=1256"},{"taxonomy":"post_tag","embeddable":true,"href":"https:\/\/connectaoeste.com.br\/index.php\/wp-json\/wp\/v2\/tags?post=1256"}],"curies":[{"name":"wp","href":"https:\/\/api.w.org\/{rel}","templated":true}]}}