{"id":1277,"date":"2025-03-10T18:57:36","date_gmt":"2025-03-10T21:57:36","guid":{"rendered":"https:\/\/connectaoeste.com.br\/?p=1277"},"modified":"2025-04-10T18:13:45","modified_gmt":"2025-04-10T21:13:45","slug":"de-olho-em-2026-lula-mexe-no-tabuleiro-da-esplanada","status":"publish","type":"post","link":"https:\/\/connectaoeste.com.br\/index.php\/2025\/03\/10\/de-olho-em-2026-lula-mexe-no-tabuleiro-da-esplanada\/","title":{"rendered":"De olho em 2026, Lula mexe no tabuleiro da Esplanada"},"content":{"rendered":"<h2>Presidente d\u00e1 posse nesta segunda-feira (10\/3) a Gleisi na SRI e a Padilha na Sa\u00fade. Bons articuladores, ministros t\u00eam o desafio de desatar n\u00f3s do governo<\/h2>\n<p>Atr\u00e1s de solu\u00e7\u00f5es para contornar a crise de popularidade que pode custar a elei\u00e7\u00e3o de 2026, o presidente Luiz In\u00e1cio Lula da Silva vai empossar na tarde desta segunda-feira (10\/3), \u00e0s 15h, dois ministros no Pal\u00e1cio do Planalto. A deputada federal\u00a0<a href=\"https:\/\/www.correiobraziliense.com.br\/politica\/2025\/03\/7076714-na-sri-gleisi-diz-que-foco-e-formar-aliancas-politicas-para-2026-e-nao-a-economia.html\" target=\"_blank\" rel=\"noopener\">Gleisi Hoffmann<\/a>\u00a0(PT-PR) assume a articula\u00e7\u00e3o pol\u00edtica do Planalto na Secretaria de Rela\u00e7\u00f5es Institucionais (SRI) e Alexandre Padilha, seu antecessor, assume o Minist\u00e9rio da Sa\u00fade. A fase atual do governo remonta n\u00e3o s\u00f3 \u00e0 impopularidade da segunda metade do primeiro governo Dilma, mas tamb\u00e9m a elementos de sua escala\u00e7\u00e3o na Esplanada. Gleisi e Padilha foram colegas de governo de 2011 a 2014. Na \u00e9poca, a parlamentar comandava a Casa Civil.<\/p>\n<p>Na \u00faltima quarta-feira, os novos ministros postaram uma foto de m\u00e3os dadas. O encontro, segundo Padilha, foi para conversar sobre a transi\u00e7\u00e3o do cargo. Conversaram sobre o Conselh\u00e3o e sobre a agenda priorit\u00e1ria do governo no Congresso. &#8220;Este \u00e9 apenas o come\u00e7o de uma s\u00e9rie de reuni\u00f5es que far\u00e3o parte dessa transi\u00e7\u00e3o, sinalizando o in\u00edcio de um grande trabalho sob a lideran\u00e7a da nossa presidenta-ministra&#8221;, escreveu o pol\u00edtico.<\/p>\n<p>Na \u00faltima quarta-feira, os novos ministros postaram uma foto de m\u00e3os dadas. O encontro, segundo Padilha, foi para conversar sobre a transi\u00e7\u00e3o do cargo. Conversaram sobre o Conselh\u00e3o e sobre a agenda priorit\u00e1ria do governo no Congresso. &#8220;Este \u00e9 apenas o come\u00e7o de uma s\u00e9rie de reuni\u00f5es que far\u00e3o parte dessa transi\u00e7\u00e3o, sinalizando o in\u00edcio de um grande trabalho sob a lideran\u00e7a da nossa presidenta-ministra&#8221;, escreveu o pol\u00edtico.<\/p>\n<p class=\"texto\">Por seu gabinete passar\u00e3o as articula\u00e7\u00f5es de todos os projetos que o Executivo quer ver aprovados neste ano, junto aos presidentes e l\u00edderes partid\u00e1rios da C\u00e2mara e do Senado Federal. Dentre eles a isen\u00e7\u00e3o do Imposto de Renda para quem ganha at\u00e9 R$ 5 mil (uma promessa de campanha de Lula), mudan\u00e7as na previd\u00eancia de militares e os projetos que integram a Reforma Tribut\u00e1ria sobre o consumo, aprovada em 2024.<\/p>\n<p class=\"texto\">Ao longo dos \u00faltimos dois anos, Padilha foi amplamente criticado por l\u00edderes do Congresso e pelo pr\u00f3prio presidente da C\u00e2mara (agora fora do cargo), Arthur Lira (PP-AL), que o chamou de &#8220;incompetente&#8221;. Apesar disso, o governo conseguiu contornar a situa\u00e7\u00e3o e fazer avan\u00e7ar temas, como o pacote de corte de gastos, no fim de 2024. Padilha saiu por cima e teve sobrevida no governo, mesmo com o descontentamento de l\u00edderes do Legislativo.<\/p>\n<p class=\"texto\">Sua situa\u00e7\u00e3o melhorou com a elei\u00e7\u00e3o de Hugo Motta (Republicanos-PB) para a presid\u00eancia da C\u00e2mara com o apoio do governo. V\u00e1rios ministros, incluindo o pr\u00f3prio Padilha, deixaram seus cargos temporariamente para retornar ao Congresso e votar em Motta e em Davi Alcolumbre (Uni\u00e3o Brasil-AP) no Senado.<\/p>\n<p class=\"texto\">O problema de Gleisi, na avalia\u00e7\u00e3o dos parlamentares, \u00e9 diferente dos de Padilha. Apesar de ser boa articuladora e de ter experi\u00eancia tanto como deputada quanto senadora, seus posicionamentos firmes s\u00e3o vistos como um empecilho para a constru\u00e7\u00e3o de acordos, especialmente com a oposi\u00e7\u00e3o liderada pelo ex-presidente Jair Bolsonaro (PL). Mesmo depois de ser anunciada para o cargo, por exemplo, Gleisi manteve a rotina de cr\u00edticas quase di\u00e1rias a Bolsonaro em seus perfis nas redes sociais, o que pode dificultar o trato com l\u00edderes do PL, por exemplo.<\/p>\n<p class=\"texto\">Em v\u00e1rias postagens nas redes sociais, a futura ministra faz uma dobradinha com seu namorado, o l\u00edder do PT Lindbergh Farias (PT-RJ) \u2014 a quem derrotou em elei\u00e7\u00f5es para a presid\u00eancia do partido. No \u00faltimo m\u00eas, os dois atuaram para apresentar ao Supremo Tribunal Federal (STF) pedidos em nome do PT e da bancada do partido na C\u00e2mara para apreender o passaporte do deputado Eduardo Bolsonaro (PL-SP), filho 03 do ex-presidente Bolsonaro.<\/p>\n<p class=\"texto\">O alinhamento de discursos entre a nova chefe do SRI e o l\u00edder do PT na C\u00e2mara pode ser mais um empecilho ao di\u00e1logo com os parlamentares, incluindo os do Centr\u00e3o, que, pouco a pouco, ensaiam um desembarque do governo. A avalia\u00e7\u00e3o \u00e9 que a tribuna da C\u00e2mara \u00e9 uma coisa e o comando da SRI, outra. Com a queda de popularidade de Lula e a indisposi\u00e7\u00e3o, at\u00e9 agora, de colocar mais nomes do Centr\u00e3o no governo, esse grupo pol\u00edtico come\u00e7a a vender mais caro seu apoio.<\/p>\n<p class=\"texto\">Pesa a favor de Gleisi, no entanto, a proximidade com Lula. Foi sob a sua presid\u00eancia no PT, em 2018, que o agora presidente foi preso depois de uma extensa persecu\u00e7\u00e3o criminal na Opera\u00e7\u00e3o Lava-Jato, liderada \u00e0 \u00e9poca pelo ent\u00e3o juiz \u2014 e hoje senador \u2014 Sergio Moro (Uni\u00e3o Brasil-PR). Ela foi presen\u00e7a constante no acampamento Lula Livre, montado por apoiadores em frente \u00e0 Superintend\u00eancia da Pol\u00edcia Federal em Curitiba (PR) durante o per\u00edodo em que o petista ficou preso (2018-2019).<\/p>\n<p class=\"texto\">Antes, em 2016, esteve na linha de frente de Dilma no Congresso para tentar evitar que a ent\u00e3o presidente sofresse impeachment. Depois que o Senado aprovou o impeachment, em agosto daquele ano, Dilma fez um pronunciamento emocionado em tom de despedida junto a aliados. Ao seu lado estavam Gleisi e Lindbergh Farias, \u00e0 \u00e9poca senador.<\/p>\n<p class=\"texto\">Quando Lula decidiu demitir N\u00edsia Trindade, no fim de fevereiro, o Centr\u00e3o come\u00e7ou a pressionar o Planalto para que o petista escolhesse um nome do grupo pol\u00edtico para a SRI. Gleisi j\u00e1 era sondada para integrar o governo, mas para o lugar de M\u00e1rcio Mac\u00eado, ministro da Secretaria-Geral de Governo, pasta respons\u00e1vel por dialogar com movimentos sociais. A petista, no entanto, demonstrou interesse em comandar a articula\u00e7\u00e3o pol\u00edtica e foi atendida.<\/p>\n<p class=\"texto\">Com dois anos de governo, o m\u00e9dico infectologista e deputado federal\u00a0<a href=\"https:\/\/www.correiobraziliense.com.br\/politica\/2025\/02\/7070584-lula-nomeia-alexandre-padilha-como-novo-ministro-da-saude.html\" target=\"_blank\" rel=\"noopener\">Alexandre Padilha<\/a>\u00a0tamb\u00e9m volta a um local familiar: o Minist\u00e9rio da Sa\u00fade, que deixou h\u00e1 cerca de nove anos. Filiado ao PT desde os 17 anos, o ministro, que tem PhD em Sa\u00fade P\u00fablica pela Unicamp, tamb\u00e9m j\u00e1 foi secret\u00e1rio de Sa\u00fade na gest\u00e3o de Fernando Haddad na prefeitura de S\u00e3o Paulo (2015-2016).<\/p>\n<p class=\"texto\">Sua primeira passagem pelo Minist\u00e9rio da Sa\u00fade teve altos e baixos. Foi sob sua gest\u00e3o, por exemplo, que o governo criou o programa Mais M\u00e9dicos, que trouxe profissionais cubanos para atuar no interior do pa\u00eds. \u00c0 \u00e9poca, diversas entidades representativas de m\u00e9dicos criticaram a medida, alegando que ela amea\u00e7ava os padr\u00f5es t\u00e9cnicos adotados pelos profissionais brasileiros.<\/p>\n<p class=\"texto\">O projeto, no entanto, virou uma marca do governo Dilma e ganhou at\u00e9 um novo formato no governo Lula 3. O objetivo de Padilha agora tamb\u00e9m \u00e9 o de criar programas que possam servir de vitrine para 2026. A falta de uma &#8220;marca&#8221; na Sa\u00fade depois de uma campanha eleitoral marcada pelo contraponto ao negacionismo de Bolsonaro durante a pandemia foi o que derrubou sua antecessora, N\u00edsia Trindade.<\/p>\n<p><strong>CONNECTA OESTE CONECTANDO VOC\u00ca A INFORMA\u00c7\u00c3O!<\/strong><\/p>\n","protected":false},"excerpt":{"rendered":"<p>Presidente d\u00e1 posse nesta segunda-feira (10\/3) a Gleisi na SRI e a Padilha na Sa\u00fade. Bons articuladores, ministros t\u00eam o desafio de desatar n\u00f3s do governo Atr\u00e1s de solu\u00e7\u00f5es para contornar a crise de popularidade que pode custar a elei\u00e7\u00e3o de 2026, o presidente Luiz In\u00e1cio Lula da Silva vai empossar na tarde desta segunda-feira [&hellip;]<\/p>\n","protected":false},"author":1,"featured_media":1278,"comment_status":"open","ping_status":"open","sticky":false,"template":"","format":"standard","meta":{"footnotes":""},"categories":[7,8,5,1],"tags":[],"class_list":["post-1277","post","type-post","status-publish","format-standard","has-post-thumbnail","hentry","category-bahia","category-brasil","category-noticias","category-politica"],"_links":{"self":[{"href":"https:\/\/connectaoeste.com.br\/index.php\/wp-json\/wp\/v2\/posts\/1277","targetHints":{"allow":["GET"]}}],"collection":[{"href":"https:\/\/connectaoeste.com.br\/index.php\/wp-json\/wp\/v2\/posts"}],"about":[{"href":"https:\/\/connectaoeste.com.br\/index.php\/wp-json\/wp\/v2\/types\/post"}],"author":[{"embeddable":true,"href":"https:\/\/connectaoeste.com.br\/index.php\/wp-json\/wp\/v2\/users\/1"}],"replies":[{"embeddable":true,"href":"https:\/\/connectaoeste.com.br\/index.php\/wp-json\/wp\/v2\/comments?post=1277"}],"version-history":[{"count":2,"href":"https:\/\/connectaoeste.com.br\/index.php\/wp-json\/wp\/v2\/posts\/1277\/revisions"}],"predecessor-version":[{"id":1280,"href":"https:\/\/connectaoeste.com.br\/index.php\/wp-json\/wp\/v2\/posts\/1277\/revisions\/1280"}],"wp:featuredmedia":[{"embeddable":true,"href":"https:\/\/connectaoeste.com.br\/index.php\/wp-json\/wp\/v2\/media\/1278"}],"wp:attachment":[{"href":"https:\/\/connectaoeste.com.br\/index.php\/wp-json\/wp\/v2\/media?parent=1277"}],"wp:term":[{"taxonomy":"category","embeddable":true,"href":"https:\/\/connectaoeste.com.br\/index.php\/wp-json\/wp\/v2\/categories?post=1277"},{"taxonomy":"post_tag","embeddable":true,"href":"https:\/\/connectaoeste.com.br\/index.php\/wp-json\/wp\/v2\/tags?post=1277"}],"curies":[{"name":"wp","href":"https:\/\/api.w.org\/{rel}","templated":true}]}}