{"id":1289,"date":"2025-03-19T17:06:41","date_gmt":"2025-03-19T20:06:41","guid":{"rendered":"https:\/\/connectaoeste.com.br\/?p=1289"},"modified":"2025-04-10T18:13:29","modified_gmt":"2025-04-10T21:13:29","slug":"bahia-apos-aumento-de-acidentes-graves-com-onibus-prf-intensifica-operacoes-de-seguranca","status":"publish","type":"post","link":"https:\/\/connectaoeste.com.br\/index.php\/2025\/03\/19\/bahia-apos-aumento-de-acidentes-graves-com-onibus-prf-intensifica-operacoes-de-seguranca\/","title":{"rendered":"Bahia: Ap\u00f3s aumento de acidentes graves com \u00f4nibus, PRF intensifica opera\u00e7\u00f5es de seguran\u00e7a"},"content":{"rendered":"<p>Bahia registrou aumento significativo em 2024, com 168 ocorr\u00eancias, e em 2025, com 27 casos j\u00e1 registrados.<\/p>\n<p>A Bahia registrou um\u00a0<strong>aumento significativo de acidentes com \u00f4nibus e micro-\u00f4nibus<\/strong>, com\u00a0<strong>168<\/strong>\u00a0ocorr\u00eancias em\u00a0<strong>2024<\/strong>\u00a0e\u00a0<strong>27<\/strong>\u00a0j\u00e1 em\u00a0<strong>2025<\/strong>. Os acidentes graves tamb\u00e9m cresceram, saltando de\u00a0<strong>58<\/strong>\u00a0em\u00a0<strong>2023<\/strong>\u00a0para\u00a0<strong>70<\/strong>\u00a0em\u00a0<strong>2024<\/strong>, e o\u00a0<strong>n\u00famero de mortes passou de 31 para 79<\/strong>. Em\u00a0<strong>2025<\/strong>, cinco acidentes graves j\u00e1 resultaram em\u00a0<strong>86 feridos e duas mortes.<\/strong><\/p>\n<p>A Pol\u00edcia Rodovi\u00e1ria Federal (PRF) iniciou a\u00a0<strong>Opera\u00e7\u00e3o Nacional de Seguran\u00e7a Vi\u00e1ria<\/strong>, com o objetivo de\u00a0<strong>reduzir os acidentes e promover a conscientiza\u00e7\u00e3o dos motoristas<\/strong>\u00a0<strong>e passageiros<\/strong>. A opera\u00e7\u00e3o, que inclui campanhas educativas sobre o uso do cinto de seguran\u00e7a, a acomoda\u00e7\u00e3o de bagagens e o combate \u00e0 importuna\u00e7\u00e3o sexual,<strong>\u00a0j\u00e1 passou por cidades como Vit\u00f3ria da Conquista e Feira de Santana.<\/strong><\/p>\n<p><strong>Al\u00e9m disso, a PRF tem intensificado a fiscaliza\u00e7\u00e3o nas rodovias e oferece servi\u00e7os de sa\u00fade para caminhoneiros.<\/strong><\/p>\n<p>A\u00a0<strong>opera\u00e7\u00e3o deve continuar com foco em infra\u00e7\u00f5es graves durante feriados como a Semana Santa e o S\u00e3o Jo\u00e3o<\/strong>, buscando combater ultrapassagens irregulares, o uso de celular ao volante e o consumo de \u00e1lcool, que s\u00e3o as principais causas desses acidentes.<\/p>\n<p><strong>CONNECTA OESTE CONECTANDO VOC\u00ca A INFORMA\u00c7\u00c3O!<\/strong><\/p>\n","protected":false},"excerpt":{"rendered":"<p>Bahia registrou aumento significativo em 2024, com 168 ocorr\u00eancias, e em 2025, com 27 casos j\u00e1 registrados. A Bahia registrou um\u00a0aumento significativo de acidentes com \u00f4nibus e micro-\u00f4nibus, com\u00a0168\u00a0ocorr\u00eancias em\u00a02024\u00a0e\u00a027\u00a0j\u00e1 em\u00a02025. Os acidentes graves tamb\u00e9m cresceram, saltando de\u00a058\u00a0em\u00a02023\u00a0para\u00a070\u00a0em\u00a02024, e o\u00a0n\u00famero de mortes passou de 31 para 79. Em\u00a02025, cinco acidentes graves j\u00e1 resultaram em\u00a086 feridos [&hellip;]<\/p>\n","protected":false},"author":1,"featured_media":1290,"comment_status":"open","ping_status":"open","sticky":false,"template":"","format":"standard","meta":{"footnotes":""},"categories":[7,69,65,45,5,70],"tags":[],"class_list":["post-1289","post","type-post","status-publish","format-standard","has-post-thumbnail","hentry","category-bahia","category-barreiras","category-bom-jesus-da-lapa","category-correntina","category-noticias","category-prf"],"_links":{"self":[{"href":"https:\/\/connectaoeste.com.br\/index.php\/wp-json\/wp\/v2\/posts\/1289","targetHints":{"allow":["GET"]}}],"collection":[{"href":"https:\/\/connectaoeste.com.br\/index.php\/wp-json\/wp\/v2\/posts"}],"about":[{"href":"https:\/\/connectaoeste.com.br\/index.php\/wp-json\/wp\/v2\/types\/post"}],"author":[{"embeddable":true,"href":"https:\/\/connectaoeste.com.br\/index.php\/wp-json\/wp\/v2\/users\/1"}],"replies":[{"embeddable":true,"href":"https:\/\/connectaoeste.com.br\/index.php\/wp-json\/wp\/v2\/comments?post=1289"}],"version-history":[{"count":1,"href":"https:\/\/connectaoeste.com.br\/index.php\/wp-json\/wp\/v2\/posts\/1289\/revisions"}],"predecessor-version":[{"id":1291,"href":"https:\/\/connectaoeste.com.br\/index.php\/wp-json\/wp\/v2\/posts\/1289\/revisions\/1291"}],"wp:featuredmedia":[{"embeddable":true,"href":"https:\/\/connectaoeste.com.br\/index.php\/wp-json\/wp\/v2\/media\/1290"}],"wp:attachment":[{"href":"https:\/\/connectaoeste.com.br\/index.php\/wp-json\/wp\/v2\/media?parent=1289"}],"wp:term":[{"taxonomy":"category","embeddable":true,"href":"https:\/\/connectaoeste.com.br\/index.php\/wp-json\/wp\/v2\/categories?post=1289"},{"taxonomy":"post_tag","embeddable":true,"href":"https:\/\/connectaoeste.com.br\/index.php\/wp-json\/wp\/v2\/tags?post=1289"}],"curies":[{"name":"wp","href":"https:\/\/api.w.org\/{rel}","templated":true}]}}