{"id":1298,"date":"2025-03-20T21:20:49","date_gmt":"2025-03-21T00:20:49","guid":{"rendered":"https:\/\/connectaoeste.com.br\/?p=1298"},"modified":"2025-04-10T18:13:18","modified_gmt":"2025-04-10T21:13:18","slug":"1298","status":"publish","type":"post","link":"https:\/\/connectaoeste.com.br\/index.php\/2025\/03\/20\/1298\/","title":{"rendered":"Correntina est\u00e1 vivendo um momento de grande expectativa e esperan\u00e7a."},"content":{"rendered":"<p>A cidade de Correntina est\u00e1 vivendo um momento de grande expectativa e esperan\u00e7a. O prefeito Mariano, acompanhado de importantes lideran\u00e7as como o ministro @jaderfilho, o presidente da CERB, @jaymevl, e o secret\u00e1rio de governo e planejamento, @rodrigofichterm, est\u00e1 em Bras\u00edlia com um objetivo claro: garantir mais desenvolvimento para o munic\u00edpio de Correntina.<\/p>\n<p>Essa miss\u00e3o n\u00e3o \u00e9 apenas sobre obras e infraestrutura; \u00e9 sobre transformar vidas, buscando a concretiza\u00e7\u00e3o de projetos estruturantes que ir\u00e3o impactar diretamente o bem-estar e a qualidade de vida da nossa gente. Cada reuni\u00e3o, cada conversa e cada parceria firmada aqui na capital federal \u00e9 um passo em dire\u00e7\u00e3o a um futuro mais pr\u00f3spero para Correntina.<\/p>\n<p>O trabalho em Bras\u00edlia reflete o compromisso da gest\u00e3o municipal em trazer novidades e avan\u00e7os para nossa cidade. Com foco em obras que atendam \u00e0s necessidades reais da popula\u00e7\u00e3o, o prefeito Mariano est\u00e1 determinado a fazer a diferen\u00e7a. Seja na \u00e1rea de saneamento, transporte ou educa\u00e7\u00e3o, cada iniciativa tem como objetivo promover inclus\u00e3o, desenvolvimento e oportunidades.<\/p>\n<p><em><strong>Veja o v\u00eddeo a seguir&#8230;<\/strong><\/em><\/p>\n<div style=\"width: 640px;\" class=\"wp-video\"><!--[if lt IE 9]><script>document.createElement('video');<\/script><![endif]-->\n<video class=\"wp-video-shortcode\" id=\"video-1298-1\" width=\"640\" height=\"1138\" preload=\"metadata\" controls=\"controls\"><source type=\"video\/mp4\" src=\"http:\/\/connectaoeste.com.br\/wp-content\/uploads\/2025\/03\/SaveClip.App_AQO-mXShEZDstQExMEUsE_jb1TuBp8RG6ZEf1MsIiYDn-d56z0qaP9dsD9JCFm7EsUkeAWkAltNGM0HiDSBvJPNJJZB4hYiC1knN0nU.mp4?_=1\" \/><a href=\"http:\/\/connectaoeste.com.br\/wp-content\/uploads\/2025\/03\/SaveClip.App_AQO-mXShEZDstQExMEUsE_jb1TuBp8RG6ZEf1MsIiYDn-d56z0qaP9dsD9JCFm7EsUkeAWkAltNGM0HiDSBvJPNJJZB4hYiC1knN0nU.mp4\">http:\/\/connectaoeste.com.br\/wp-content\/uploads\/2025\/03\/SaveClip.App_AQO-mXShEZDstQExMEUsE_jb1TuBp8RG6ZEf1MsIiYDn-d56z0qaP9dsD9JCFm7EsUkeAWkAltNGM0HiDSBvJPNJJZB4hYiC1knN0nU.mp4<\/a><\/video><\/div>\n<p><strong>CONNECTA OESTE CONECTANDO VOC\u00ca A INFORMA\u00c7\u00c3O!<\/strong><\/p>\n<p>&nbsp;<\/p>\n","protected":false},"excerpt":{"rendered":"<p>A cidade de Correntina est\u00e1 vivendo um momento de grande expectativa e esperan\u00e7a. O prefeito Mariano, acompanhado de importantes lideran\u00e7as como o ministro @jaderfilho, o presidente da CERB, @jaymevl, e o secret\u00e1rio de governo e planejamento, @rodrigofichterm, est\u00e1 em Bras\u00edlia com um objetivo claro: garantir mais desenvolvimento para o munic\u00edpio de Correntina. Essa miss\u00e3o n\u00e3o [&hellip;]<\/p>\n","protected":false},"author":1,"featured_media":1300,"comment_status":"open","ping_status":"open","sticky":false,"template":"","format":"standard","meta":{"footnotes":""},"categories":[7,8,45,76,5],"tags":[],"class_list":["post-1298","post","type-post","status-publish","format-standard","has-post-thumbnail","hentry","category-bahia","category-brasil","category-correntina","category-df","category-noticias"],"_links":{"self":[{"href":"https:\/\/connectaoeste.com.br\/index.php\/wp-json\/wp\/v2\/posts\/1298","targetHints":{"allow":["GET"]}}],"collection":[{"href":"https:\/\/connectaoeste.com.br\/index.php\/wp-json\/wp\/v2\/posts"}],"about":[{"href":"https:\/\/connectaoeste.com.br\/index.php\/wp-json\/wp\/v2\/types\/post"}],"author":[{"embeddable":true,"href":"https:\/\/connectaoeste.com.br\/index.php\/wp-json\/wp\/v2\/users\/1"}],"replies":[{"embeddable":true,"href":"https:\/\/connectaoeste.com.br\/index.php\/wp-json\/wp\/v2\/comments?post=1298"}],"version-history":[{"count":3,"href":"https:\/\/connectaoeste.com.br\/index.php\/wp-json\/wp\/v2\/posts\/1298\/revisions"}],"predecessor-version":[{"id":1303,"href":"https:\/\/connectaoeste.com.br\/index.php\/wp-json\/wp\/v2\/posts\/1298\/revisions\/1303"}],"wp:featuredmedia":[{"embeddable":true,"href":"https:\/\/connectaoeste.com.br\/index.php\/wp-json\/wp\/v2\/media\/1300"}],"wp:attachment":[{"href":"https:\/\/connectaoeste.com.br\/index.php\/wp-json\/wp\/v2\/media?parent=1298"}],"wp:term":[{"taxonomy":"category","embeddable":true,"href":"https:\/\/connectaoeste.com.br\/index.php\/wp-json\/wp\/v2\/categories?post=1298"},{"taxonomy":"post_tag","embeddable":true,"href":"https:\/\/connectaoeste.com.br\/index.php\/wp-json\/wp\/v2\/tags?post=1298"}],"curies":[{"name":"wp","href":"https:\/\/api.w.org\/{rel}","templated":true}]}}