{"id":1304,"date":"2025-03-31T16:57:21","date_gmt":"2025-03-31T19:57:21","guid":{"rendered":"https:\/\/connectaoeste.com.br\/?p=1304"},"modified":"2025-04-10T18:13:12","modified_gmt":"2025-04-10T21:13:12","slug":"correntina-celebra-seu-aniversario-em-grande-estilo-com-muita-musica-e-alegria","status":"publish","type":"post","link":"https:\/\/connectaoeste.com.br\/index.php\/2025\/03\/31\/correntina-celebra-seu-aniversario-em-grande-estilo-com-muita-musica-e-alegria\/","title":{"rendered":"Correntina celebra seu anivers\u00e1rio em grande estilo com muita m\u00fasica e alegria"},"content":{"rendered":"<p>O anivers\u00e1rio de Correntina foi marcado por uma festa inesquec\u00edvel que reuniu a comunidade em um clima de muita divers\u00e3o e celebra\u00e7\u00e3o. O evento, que se tornou um verdadeiro sucesso, contou com shows incr\u00edveis das bandas Turma do Mod\u00e3o, Kevi Jonny e Z\u00e9 Vaqueiro, trazendo momentos de emo\u00e7\u00e3o e anima\u00e7\u00e3o para todos os presentes. A Turma do Mod\u00e3o abriu a festa com seus cl\u00e1ssicos sertanejos que ressoaram com os cora\u00e7\u00f5es dos amantes do g\u00eanero. Em seguida, Kevi Jonny trouxe seu carisma e energia para o palco, fazendo a multid\u00e3o cantar e dan\u00e7ar ao som de seus sucessos. O grande encerramento ficou por conta de Z\u00e9 Vaqueiro, que encantou o p\u00fablico com sua voz marcante e repert\u00f3rio cheio de hits.<br \/>\nAl\u00e9m das apresenta\u00e7\u00f5es musicais, o evento tamb\u00e9m foi uma oportunidade de unir as fam\u00edlias, amigos e visitantes que celebraram juntos a hist\u00f3ria e a cultura vibrante de Correntina. A organiza\u00e7\u00e3o do evento foi elogiada por proporcionar uma experi\u00eancia t\u00e3o memor\u00e1vel para todos.<br \/>\nA festa n\u00e3o apenas fortaleceu os la\u00e7os comunit\u00e1rios, mas tamb\u00e9m destacou a beleza e a hospitalidade que tornam Correntina t\u00e3o especial. Parab\u00e9ns \u00e0 cidade por mais um ano de conquistas e tradi\u00e7\u00f5es! Que os pr\u00f3ximos anivers\u00e1rios sejam t\u00e3o grandiosos quanto este.<\/p>\n<p><strong>CONNECTA OESTE CONECTANDO VOC\u00ca A INFORMA\u00c7\u00c3O!<\/strong><\/p>\n","protected":false},"excerpt":{"rendered":"<p>O anivers\u00e1rio de Correntina foi marcado por uma festa inesquec\u00edvel que reuniu a comunidade em um clima de muita divers\u00e3o e celebra\u00e7\u00e3o. O evento, que se tornou um verdadeiro sucesso, contou com shows incr\u00edveis das bandas Turma do Mod\u00e3o, Kevi Jonny e Z\u00e9 Vaqueiro, trazendo momentos de emo\u00e7\u00e3o e anima\u00e7\u00e3o para todos os presentes. A [&hellip;]<\/p>\n","protected":false},"author":1,"featured_media":1305,"comment_status":"open","ping_status":"open","sticky":false,"template":"","format":"standard","meta":{"footnotes":""},"categories":[7,8,45],"tags":[],"class_list":["post-1304","post","type-post","status-publish","format-standard","has-post-thumbnail","hentry","category-bahia","category-brasil","category-correntina"],"_links":{"self":[{"href":"https:\/\/connectaoeste.com.br\/index.php\/wp-json\/wp\/v2\/posts\/1304","targetHints":{"allow":["GET"]}}],"collection":[{"href":"https:\/\/connectaoeste.com.br\/index.php\/wp-json\/wp\/v2\/posts"}],"about":[{"href":"https:\/\/connectaoeste.com.br\/index.php\/wp-json\/wp\/v2\/types\/post"}],"author":[{"embeddable":true,"href":"https:\/\/connectaoeste.com.br\/index.php\/wp-json\/wp\/v2\/users\/1"}],"replies":[{"embeddable":true,"href":"https:\/\/connectaoeste.com.br\/index.php\/wp-json\/wp\/v2\/comments?post=1304"}],"version-history":[{"count":1,"href":"https:\/\/connectaoeste.com.br\/index.php\/wp-json\/wp\/v2\/posts\/1304\/revisions"}],"predecessor-version":[{"id":1307,"href":"https:\/\/connectaoeste.com.br\/index.php\/wp-json\/wp\/v2\/posts\/1304\/revisions\/1307"}],"wp:featuredmedia":[{"embeddable":true,"href":"https:\/\/connectaoeste.com.br\/index.php\/wp-json\/wp\/v2\/media\/1305"}],"wp:attachment":[{"href":"https:\/\/connectaoeste.com.br\/index.php\/wp-json\/wp\/v2\/media?parent=1304"}],"wp:term":[{"taxonomy":"category","embeddable":true,"href":"https:\/\/connectaoeste.com.br\/index.php\/wp-json\/wp\/v2\/categories?post=1304"},{"taxonomy":"post_tag","embeddable":true,"href":"https:\/\/connectaoeste.com.br\/index.php\/wp-json\/wp\/v2\/tags?post=1304"}],"curies":[{"name":"wp","href":"https:\/\/api.w.org\/{rel}","templated":true}]}}