{"id":1327,"date":"2025-04-10T23:09:17","date_gmt":"2025-04-11T02:09:17","guid":{"rendered":"https:\/\/connectaoeste.com.br\/?p=1327"},"modified":"2025-04-10T23:20:02","modified_gmt":"2025-04-11T02:20:02","slug":"prefeitura-municipal-de-correntina-lanca-projeto-solidario-na-semana-santa","status":"publish","type":"post","link":"https:\/\/connectaoeste.com.br\/index.php\/2025\/04\/10\/prefeitura-municipal-de-correntina-lanca-projeto-solidario-na-semana-santa\/","title":{"rendered":"Prefeitura Municipal de Correntina lan\u00e7a projeto solid\u00e1rio na Semana Santa."},"content":{"rendered":"<p>A Prefeitura Municipal de Correntina, liderada pelo prefeito Mariano, ira realizar um ato de generosidade e uni\u00e3o durante a Semana Santa. Com o projeto Semana Santa Solid\u00e1ria, ser\u00e3o distribu\u00eddas mais de 24 toneladas de peixe e arroz, para as fam\u00edlias que mais precisam.<br \/>\nA iniciativa tem como objetivo promover solidariedade e apoio \u00e0s comunidades locais durante um per\u00edodo t\u00e3o especial como a Semana Santa. A a\u00e7\u00e3o reafirma o compromisso da prefeitura em garantir dignidade e qualidade de vida para todos os cidad\u00e3os de Correntina.<br \/>\nO projeto, al\u00e9m de contribuir para o bem-estar social, fortalece os la\u00e7os de fraternidade na cidade.<\/p>\n<div style=\"width: 640px;\" class=\"wp-video\"><!--[if lt IE 9]><script>document.createElement('video');<\/script><![endif]-->\n<video class=\"wp-video-shortcode\" id=\"video-1327-1\" width=\"640\" height=\"1138\" preload=\"metadata\" controls=\"controls\"><source type=\"video\/mp4\" src=\"http:\/\/connectaoeste.com.br\/wp-content\/uploads\/2025\/04\/SaveClip.App_AQMJrDUdjt4puxM1KBLZ7w0GYO-SBBLp0dmZtP-sCFOmcqM4cwDrdgdWzcsCiX3C9XuWNDXnZmi9YTkYjreshZOz2ldA58AOIvdqkZM.mp4?_=1\" \/><a href=\"http:\/\/connectaoeste.com.br\/wp-content\/uploads\/2025\/04\/SaveClip.App_AQMJrDUdjt4puxM1KBLZ7w0GYO-SBBLp0dmZtP-sCFOmcqM4cwDrdgdWzcsCiX3C9XuWNDXnZmi9YTkYjreshZOz2ldA58AOIvdqkZM.mp4\">http:\/\/connectaoeste.com.br\/wp-content\/uploads\/2025\/04\/SaveClip.App_AQMJrDUdjt4puxM1KBLZ7w0GYO-SBBLp0dmZtP-sCFOmcqM4cwDrdgdWzcsCiX3C9XuWNDXnZmi9YTkYjreshZOz2ldA58AOIvdqkZM.mp4<\/a><\/video><\/div>\n<p><img loading=\"lazy\" decoding=\"async\" class=\"alignnone wp-image-1329\" src=\"http:\/\/connectaoeste.com.br\/wp-content\/uploads\/2025\/04\/SaveClip.App_489941904_18289910905216014_5984821743990970921_n-240x300.jpg\" alt=\"\" width=\"341\" height=\"426\" srcset=\"https:\/\/connectaoeste.com.br\/wp-content\/uploads\/2025\/04\/SaveClip.App_489941904_18289910905216014_5984821743990970921_n-240x300.jpg 240w, https:\/\/connectaoeste.com.br\/wp-content\/uploads\/2025\/04\/SaveClip.App_489941904_18289910905216014_5984821743990970921_n-819x1024.jpg 819w, https:\/\/connectaoeste.com.br\/wp-content\/uploads\/2025\/04\/SaveClip.App_489941904_18289910905216014_5984821743990970921_n-768x960.jpg 768w, https:\/\/connectaoeste.com.br\/wp-content\/uploads\/2025\/04\/SaveClip.App_489941904_18289910905216014_5984821743990970921_n-200x250.jpg 200w, https:\/\/connectaoeste.com.br\/wp-content\/uploads\/2025\/04\/SaveClip.App_489941904_18289910905216014_5984821743990970921_n-1024x1280.jpg 1024w, https:\/\/connectaoeste.com.br\/wp-content\/uploads\/2025\/04\/SaveClip.App_489941904_18289910905216014_5984821743990970921_n.jpg 1080w\" sizes=\"auto, (max-width: 341px) 100vw, 341px\" \/> <img loading=\"lazy\" decoding=\"async\" class=\"alignnone wp-image-1332\" src=\"http:\/\/connectaoeste.com.br\/wp-content\/uploads\/2025\/04\/SaveClip.App_489421153_18289910896216014_6244063118377526294_n-1-240x300.jpg\" alt=\"\" width=\"341\" height=\"426\" srcset=\"https:\/\/connectaoeste.com.br\/wp-content\/uploads\/2025\/04\/SaveClip.App_489421153_18289910896216014_6244063118377526294_n-1-240x300.jpg 240w, https:\/\/connectaoeste.com.br\/wp-content\/uploads\/2025\/04\/SaveClip.App_489421153_18289910896216014_6244063118377526294_n-1-819x1024.jpg 819w, https:\/\/connectaoeste.com.br\/wp-content\/uploads\/2025\/04\/SaveClip.App_489421153_18289910896216014_6244063118377526294_n-1-768x960.jpg 768w, https:\/\/connectaoeste.com.br\/wp-content\/uploads\/2025\/04\/SaveClip.App_489421153_18289910896216014_6244063118377526294_n-1-200x250.jpg 200w, https:\/\/connectaoeste.com.br\/wp-content\/uploads\/2025\/04\/SaveClip.App_489421153_18289910896216014_6244063118377526294_n-1-1024x1280.jpg 1024w, https:\/\/connectaoeste.com.br\/wp-content\/uploads\/2025\/04\/SaveClip.App_489421153_18289910896216014_6244063118377526294_n-1.jpg 1080w\" sizes=\"auto, (max-width: 341px) 100vw, 341px\" \/><\/p>\n<p>\ud83d\udcc5 Fa\u00e7a seu cadastro de 10 a 15 de abril, no CRAS.<br \/>\n\ud83d\udd57 Das 08h \u00e0s 12h e das 14h \u00e0s 17h.<\/p>\n<p>Ser\u00e3o 24 toneladas de peixe e arroz distribu\u00eddas com muito cuidado, f\u00e9 e partilha.<\/p>\n<p>\ud83d\udccd Leve os documentos:<br \/>\n\u2705 RG<br \/>\n\u2705 CPF<br \/>\n\u2705 Comprovante de resid\u00eancia<br \/>\n\u2705 N\u00famero do NIS<\/p>\n<p><strong>CONNECTA OESTE CONECTANDO VOC\u00ca A INFORMA\u00c7\u00c3O!<\/strong><\/p>\n","protected":false},"excerpt":{"rendered":"<p>A Prefeitura Municipal de Correntina, liderada pelo prefeito Mariano, ira realizar um ato de generosidade e uni\u00e3o durante a Semana Santa. Com o projeto Semana Santa Solid\u00e1ria, ser\u00e3o distribu\u00eddas mais de 24 toneladas de peixe e arroz, para as fam\u00edlias que mais precisam. A iniciativa tem como objetivo promover solidariedade e apoio \u00e0s comunidades locais [&hellip;]<\/p>\n","protected":false},"author":1,"featured_media":1330,"comment_status":"open","ping_status":"open","sticky":false,"template":"","format":"standard","meta":{"footnotes":""},"categories":[7,8,45,5],"tags":[],"class_list":["post-1327","post","type-post","status-publish","format-standard","has-post-thumbnail","hentry","category-bahia","category-brasil","category-correntina","category-noticias"],"_links":{"self":[{"href":"https:\/\/connectaoeste.com.br\/index.php\/wp-json\/wp\/v2\/posts\/1327","targetHints":{"allow":["GET"]}}],"collection":[{"href":"https:\/\/connectaoeste.com.br\/index.php\/wp-json\/wp\/v2\/posts"}],"about":[{"href":"https:\/\/connectaoeste.com.br\/index.php\/wp-json\/wp\/v2\/types\/post"}],"author":[{"embeddable":true,"href":"https:\/\/connectaoeste.com.br\/index.php\/wp-json\/wp\/v2\/users\/1"}],"replies":[{"embeddable":true,"href":"https:\/\/connectaoeste.com.br\/index.php\/wp-json\/wp\/v2\/comments?post=1327"}],"version-history":[{"count":5,"href":"https:\/\/connectaoeste.com.br\/index.php\/wp-json\/wp\/v2\/posts\/1327\/revisions"}],"predecessor-version":[{"id":1336,"href":"https:\/\/connectaoeste.com.br\/index.php\/wp-json\/wp\/v2\/posts\/1327\/revisions\/1336"}],"wp:featuredmedia":[{"embeddable":true,"href":"https:\/\/connectaoeste.com.br\/index.php\/wp-json\/wp\/v2\/media\/1330"}],"wp:attachment":[{"href":"https:\/\/connectaoeste.com.br\/index.php\/wp-json\/wp\/v2\/media?parent=1327"}],"wp:term":[{"taxonomy":"category","embeddable":true,"href":"https:\/\/connectaoeste.com.br\/index.php\/wp-json\/wp\/v2\/categories?post=1327"},{"taxonomy":"post_tag","embeddable":true,"href":"https:\/\/connectaoeste.com.br\/index.php\/wp-json\/wp\/v2\/tags?post=1327"}],"curies":[{"name":"wp","href":"https:\/\/api.w.org\/{rel}","templated":true}]}}