{"id":1350,"date":"2025-04-11T19:46:56","date_gmt":"2025-04-11T22:46:56","guid":{"rendered":"https:\/\/connectaoeste.com.br\/?p=1350"},"modified":"2025-04-11T19:46:56","modified_gmt":"2025-04-11T22:46:56","slug":"bolsonaro-e-internado-com-urgencia-no-rio-grande-do-norte","status":"publish","type":"post","link":"https:\/\/connectaoeste.com.br\/index.php\/2025\/04\/11\/bolsonaro-e-internado-com-urgencia-no-rio-grande-do-norte\/","title":{"rendered":"Bolsonaro \u00e9 internado com urg\u00eancia no Rio Grande do Norte"},"content":{"rendered":"<div class=\"bbc-19j92fr ebmt73l0\" dir=\"ltr\">\n<p class=\"bbc-hhl7in e17g058b0\" dir=\"ltr\">O ex-presidente\u00a0Jair Bolsonaro\u00a0(PL) precisou ser internado \u00e0s pressas nesta sexta-feira (11\/4) ap\u00f3s passar mal e sentir fortes dores na regi\u00e3o do abd\u00f4men.<\/p>\n<\/div>\n<div class=\"bbc-19j92fr ebmt73l0\" dir=\"ltr\">\n<p class=\"bbc-hhl7in e17g058b0\" dir=\"ltr\">Ele participava de um evento na cidade de Santa Cruz, no\u00a0Rio Grande do Norte, e foi atendido no Hospital Municipal Alu\u00edzio Bezerra. Na sequ\u00eancia, ele foi transferido de helic\u00f3ptero para o Hospital Rio Grande, localizado em Natal, a capital do Estado.<\/p>\n<\/div>\n<div class=\"bbc-19j92fr ebmt73l0\" dir=\"ltr\">\n<p class=\"bbc-hhl7in e17g058b0\" dir=\"ltr\">Segundo relatos de pessoas pr\u00f3ximas a Bolsonaro, ele j\u00e1 reclamava de inc\u00f4modos intestinais nos \u00faltimos dias.<\/p>\n<\/div>\n<div class=\"bbc-19j92fr ebmt73l0\" dir=\"ltr\">\n<p class=\"bbc-hhl7in e17g058b0\" dir=\"ltr\">O m\u00e9dico do ex-presidente, Ant\u00f4nio Luiz Macedo, disse \u00e0 CNN que Bolsonaro apresentou, al\u00e9m das dores, dificuldades para comer e na digest\u00e3o, por conta de uma distens\u00e3o intestinal. O quadro se caracteriza por um incha\u00e7o no abd\u00f4men, que pode ser derivado de uma inflama\u00e7\u00e3o.<\/p>\n<p dir=\"ltr\">A expectativa da equipe m\u00e9dica \u00e9 resolver o problema com dieta e medicamentos, mas n\u00e3o est\u00e1 descartada uma nova cirurgia.<\/p>\n<div class=\"bbc-19j92fr ebmt73l0\" dir=\"ltr\">\n<p class=\"bbc-hhl7in e17g058b0\" dir=\"ltr\">Macedo est\u00e1 preparado para viajar ao Rio Grande do Norte, caso seja necess\u00e1ria uma interven\u00e7\u00e3o cir\u00fargica, mas disse tamb\u00e9m que Bolsonaro pode precisar ser transferido para S\u00e3o Paulo.<\/p>\n<\/div>\n<div class=\"bbc-19j92fr ebmt73l0\" dir=\"ltr\">\n<p class=\"bbc-hhl7in e17g058b0\" dir=\"ltr\">Luiz Roberto Fonseca, m\u00e9dico do Hospital Rio Grande, para onde Bolsonaro foi transferido em Natal, afirmou que n\u00e3o h\u00e1, por enquanto, nenhuma evid\u00eancia de que ele precisar\u00e1 passar por nova cirurgia.<\/p>\n<div class=\"bbc-19j92fr ebmt73l0\" dir=\"ltr\">\n<p class=\"bbc-hhl7in e17g058b0\" dir=\"ltr\">&#8220;Por enquanto, n\u00e3o h\u00e1 necessidade de cirurgia&#8221;, disse Fonseca. &#8220;Ele tem uma distens\u00e3o abdominal, mas n\u00e3o tem sinais cl\u00ednicos da necessidade de interven\u00e7\u00e3o cir\u00fargica&#8221;, afirmou, segundo o jornal Folha de S. Paulo.<\/p>\n<\/div>\n<div class=\"bbc-19j92fr ebmt73l0\" dir=\"ltr\">\n<p class=\"bbc-hhl7in e17g058b0\" dir=\"ltr\">No primeiro boletim m\u00e9dico divulgado nesta tarde, o Hospital Rio Grande informou que Bolsonaro &#8220;encontra-se hospitalizado, com par\u00e2metros vitais est\u00e1veis, recebendo hidrata\u00e7\u00e3o venosa, profilaxia antibacteriana e realizando exames laboratoriais complementares&#8221;.<\/p>\n<\/div>\n<div class=\"bbc-19j92fr ebmt73l0\" dir=\"ltr\">\n<p class=\"bbc-hhl7in e17g058b0\" dir=\"ltr\">Ainda conforme o centro hospitalar, o ex-presidente &#8220;est\u00e1 clinicamente orientado e sem dor ap\u00f3s analgesia e, a depender dos resultados dos exames de imagem, ser\u00e1 discutida, em comum acordo com a fam\u00edlia, a necessidade de eventual remo\u00e7\u00e3o para outros centros especializados&#8221;.<\/p>\n<\/div>\n<div class=\"bbc-19j92fr ebmt73l0\" dir=\"ltr\">\n<p class=\"bbc-hhl7in e17g058b0\" dir=\"ltr\">O ministro da Sa\u00fade, Alexandre Padilha, utilizou a imagem de Bolsonaro em uma ambul\u00e2ncia do Servi\u00e7o de Atendimento M\u00f3vel de Urg\u00eancia (Samu) nesta sexta-feira, para exaltar o programa, implantado em 2003, durante o primeiro mandato de Lula (PT).<\/p>\n<\/div>\n<div class=\"bbc-19j92fr ebmt73l0\" dir=\"ltr\">\n<p class=\"bbc-hhl7in e17g058b0\" dir=\"ltr\">&#8220;Todo mundo sabe: na hora da emerg\u00eancia, chama o SAMU 192! Atendimento de urg\u00eancia para salvar vidas de norte a sul. Criado pelo presidente Lula, para todos os brasileiros, cada vez maior e mais r\u00e1pido! Viva o SUS!&#8221;, escreveu Padilha em publica\u00e7\u00e3o no X (antigo Twitter).<\/p>\n<\/div>\n<div class=\"bbc-19j92fr ebmt73l0\" dir=\"ltr\">\n<p class=\"bbc-hhl7in e17g058b0\" dir=\"ltr\">Mais cedo, o helic\u00f3ptero que transportou Bolsonaro entre Santa Cruz e Natal foi cedido pela governadora do Rio Grande do Norte, F\u00e1tima Bezerra (PT).<\/p>\n<\/div>\n<div class=\"bbc-19j92fr ebmt73l0\" dir=\"ltr\">\n<p class=\"bbc-hhl7in e17g058b0\" dir=\"ltr\">Desde que foi v\u00edtima de um\u00a0atentado a faca na campanha das elei\u00e7\u00f5es de 2018, o ex-presidente teve alguns epis\u00f3dios de obstru\u00e7\u00e3o intestinal \u2014 quando um trecho desse \u00f3rg\u00e3o sofre um bloqueio \u2014 e precisou ficar internado para fazer tratamentos.<\/p>\n<\/div>\n<div class=\"bbc-19j92fr ebmt73l0\" dir=\"ltr\">\n<p class=\"bbc-hhl7in e17g058b0\" dir=\"ltr\">Ele j\u00e1 passou por cinco cirurgias abdominais, tr\u00eas delas delicadas, segundo sua equipe m\u00e9dica.<\/p>\n<\/div>\n<div class=\"bbc-19j92fr ebmt73l0\" dir=\"ltr\">\n<p class=\"bbc-hhl7in e17g058b0\" dir=\"ltr\">Bolsonaro tem participado de campanhas e eventos p\u00fablicos que\u00a0defendem a anistia\u00a0aos condenados pelos\u00a0ataques de 8 de janeiro de 2024 em Bras\u00edlia.<\/p>\n<\/div>\n<div class=\"bbc-19j92fr ebmt73l0\" dir=\"ltr\">\n<p class=\"bbc-hhl7in e17g058b0\" dir=\"ltr\">Recentemente, ele pr\u00f3prio\u00a0se tornou r\u00e9u e ser\u00e1 julgado pelo Supremo Tribunal Federal (STF).<\/p>\n<\/div>\n<div class=\"bbc-19j92fr ebmt73l0\" dir=\"ltr\">\n<p class=\"bbc-hhl7in e17g058b0\" dir=\"ltr\">Entenda a seguir o que \u00e9 a obstru\u00e7\u00e3o intestinal e por que ela costuma acontecer em casos como o de Bolsonaro.<\/p>\n<p dir=\"ltr\"><strong>CONNECTA OESTE CONECTANDO VOC\u00ca A INFORMA\u00c7\u00c3O!<\/strong><\/p>\n<\/div>\n<\/div>\n<\/div>\n","protected":false},"excerpt":{"rendered":"<p>O ex-presidente\u00a0Jair Bolsonaro\u00a0(PL) precisou ser internado \u00e0s pressas nesta sexta-feira (11\/4) ap\u00f3s passar mal e sentir fortes dores na regi\u00e3o do abd\u00f4men. Ele participava de um evento na cidade de Santa Cruz, no\u00a0Rio Grande do Norte, e foi atendido no Hospital Municipal Alu\u00edzio Bezerra. Na sequ\u00eancia, ele foi transferido de helic\u00f3ptero para o Hospital Rio [&hellip;]<\/p>\n","protected":false},"author":1,"featured_media":1352,"comment_status":"open","ping_status":"open","sticky":false,"template":"","format":"standard","meta":{"footnotes":""},"categories":[8,5,1,64],"tags":[],"class_list":["post-1350","post","type-post","status-publish","format-standard","has-post-thumbnail","hentry","category-brasil","category-noticias","category-politica","category-saude"],"_links":{"self":[{"href":"https:\/\/connectaoeste.com.br\/index.php\/wp-json\/wp\/v2\/posts\/1350","targetHints":{"allow":["GET"]}}],"collection":[{"href":"https:\/\/connectaoeste.com.br\/index.php\/wp-json\/wp\/v2\/posts"}],"about":[{"href":"https:\/\/connectaoeste.com.br\/index.php\/wp-json\/wp\/v2\/types\/post"}],"author":[{"embeddable":true,"href":"https:\/\/connectaoeste.com.br\/index.php\/wp-json\/wp\/v2\/users\/1"}],"replies":[{"embeddable":true,"href":"https:\/\/connectaoeste.com.br\/index.php\/wp-json\/wp\/v2\/comments?post=1350"}],"version-history":[{"count":2,"href":"https:\/\/connectaoeste.com.br\/index.php\/wp-json\/wp\/v2\/posts\/1350\/revisions"}],"predecessor-version":[{"id":1353,"href":"https:\/\/connectaoeste.com.br\/index.php\/wp-json\/wp\/v2\/posts\/1350\/revisions\/1353"}],"wp:featuredmedia":[{"embeddable":true,"href":"https:\/\/connectaoeste.com.br\/index.php\/wp-json\/wp\/v2\/media\/1352"}],"wp:attachment":[{"href":"https:\/\/connectaoeste.com.br\/index.php\/wp-json\/wp\/v2\/media?parent=1350"}],"wp:term":[{"taxonomy":"category","embeddable":true,"href":"https:\/\/connectaoeste.com.br\/index.php\/wp-json\/wp\/v2\/categories?post=1350"},{"taxonomy":"post_tag","embeddable":true,"href":"https:\/\/connectaoeste.com.br\/index.php\/wp-json\/wp\/v2\/tags?post=1350"}],"curies":[{"name":"wp","href":"https:\/\/api.w.org\/{rel}","templated":true}]}}