{"id":1354,"date":"2025-04-15T17:04:28","date_gmt":"2025-04-15T20:04:28","guid":{"rendered":"https:\/\/connectaoeste.com.br\/?p=1354"},"modified":"2025-04-15T17:04:28","modified_gmt":"2025-04-15T20:04:28","slug":"conselho-do-fgts-aprova-ampliacao-do-minha-casa-minha-vida-para-classe-media","status":"publish","type":"post","link":"https:\/\/connectaoeste.com.br\/index.php\/2025\/04\/15\/conselho-do-fgts-aprova-ampliacao-do-minha-casa-minha-vida-para-classe-media\/","title":{"rendered":"Conselho do FGTS aprova amplia\u00e7\u00e3o do Minha Casa, Minha Vida para classe m\u00e9dia."},"content":{"rendered":"<div id=\"chunk-b5mqm\">\n<div class=\"mc-column content-text active-extra-styles \" data-block-type=\"unstyled\" data-block-weight=\"28\" data-block-id=\"2\">\n<p class=\" content-text__container \" data-track-category=\"Link no Texto\" data-track-links=\"\" data-mrf-recirculation=\"Mat\u00e9ria - Links no Texto\">O Conselho Curador do Fundo de Garantia por Tempo de Servi\u00e7o (FGTS) aprovou nesta ter\u00e7a-feira (15) a amplia\u00e7\u00e3o do\u00a0programa Minha Casa, Minha Vida\u00a0para a classe m\u00e9dia.<\/p>\n<\/div>\n<\/div>\n<div class=\"wall protected-content\">\n<div id=\"chunk-3u8ut\">\n<div class=\"mc-column content-text active-extra-styles \" data-block-type=\"unstyled\" data-block-weight=\"31\" data-block-id=\"4\">\n<p class=\" content-text__container \" data-track-category=\"Link no Texto\" data-track-links=\"\" data-mrf-recirculation=\"Mat\u00e9ria - Links no Texto\">O governo vai criar a &#8220;Faixa 4&#8221; do programa, com um novo teto de renda familiar, de\u00a0<strong>R$ 12 mil<\/strong>.\u00a0<span class=\"highlight highlighted\">A expectativa \u00e9 que a nova cobertura esteja dispon\u00edvel em maio<\/span>.<\/p>\n<div id=\"chunk-er7p5\">\n<div class=\"mc-column content-text active-extra-styles \" data-block-type=\"unstyled\" data-block-weight=\"25\" data-block-id=\"6\">\n<p class=\" content-text__container \" data-track-category=\"Link no Texto\" data-track-links=\"\" data-mrf-recirculation=\"Mat\u00e9ria - Links no Texto\">\ud83d\udee2\ufe0fA amplia\u00e7\u00e3o do programa \u00e9 poss\u00edvel porque o governo direcionou<strong>\u00a0R$ 15 bilh\u00f5es\u00a0<\/strong>do Fundo Social do Pr\u00e9-Sal para o Minha Casa, Minha Vida.<\/p>\n<\/div>\n<\/div>\n<div id=\"chunk-c3ud4\">\n<div class=\"mc-column content-text active-extra-styles \" data-block-type=\"unstyled\" data-block-weight=\"21\" data-block-id=\"7\">\n<p class=\" content-text__container \" data-track-category=\"Link no Texto\" data-track-links=\"\" data-mrf-recirculation=\"Mat\u00e9ria - Links no Texto\">\ud83d\udcb0Esses recursos ser\u00e3o usados na faixa 3 do programa, liberando\u00a0<strong>R$ 15 bilh\u00f5es<\/strong>\u00a0do FGTS para a nova linha de financiamento.<\/p>\n<div id=\"chunk-8ehjc\">\n<div class=\"mc-column content-text active-extra-styles \" data-block-type=\"unstyled\" data-block-weight=\"24\" data-block-id=\"11\">\n<p class=\" content-text__container \" data-track-category=\"Link no Texto\" data-track-links=\"\" data-mrf-recirculation=\"Mat\u00e9ria - Links no Texto\">O Conselho vai disponibilizar\u00a0<strong>R$ 15 bilh\u00f5es<\/strong>\u00a0do FGTS em 2025 e outros\u00a0<strong>R$ 15 bilh\u00f5es\u00a0<\/strong>captados pelas pr\u00f3prias institui\u00e7\u00f5es (em recursos da poupan\u00e7a).<\/p>\n<\/div>\n<\/div>\n<div id=\"chunk-83ook\">\n<div class=\"mc-column content-text active-extra-styles \" data-block-type=\"unstyled\" data-block-weight=\"11\" data-block-id=\"12\">\n<p class=\" content-text__container \" data-track-category=\"Link no Texto\" data-track-links=\"\" data-mrf-recirculation=\"Mat\u00e9ria - Links no Texto\">Com a cria\u00e7\u00e3o da Faixa 4, est\u00e3o previstos benef\u00edcios como:<\/p>\n<\/div>\n<\/div>\n<div id=\"chunk-eo7hq\">\n<div class=\"mc-column content-text active-extra-styles\" data-block-type=\"raw\" data-block-weight=\"31\" data-block-id=\"13\">\n<ul class=\"content-unordered-list\">\n<li>financiamento de at\u00e9\u00a0<strong>420 meses<\/strong><\/li>\n<li>taxa de juros de\u00a0<strong>10%<\/strong>\u00a0ao ano, abaixo das taxas atuais de mercado (acima de\u00a0<strong>11,5%\u00a0<\/strong>ao ano)<\/li>\n<li>aquisi\u00e7\u00e3o de im\u00f3veis de at\u00e9\u00a0<strong>R$ 500 mil<\/strong><\/li>\n<\/ul>\n<\/div>\n<\/div>\n<div id=\"chunk-6526o\">\n<div class=\"mc-column content-text active-extra-styles \" data-block-type=\"unstyled\" data-block-weight=\"16\" data-block-id=\"14\">\n<p class=\" content-text__container \" data-track-category=\"Link no Texto\" data-track-links=\"\" data-mrf-recirculation=\"Mat\u00e9ria - Links no Texto\">\ud83c\udfe0A medida, segundo o governo, representar\u00e1 um potencial de atendimento inicial a\u00a0<strong>120 mil\u00a0<\/strong>novas fam\u00edlias.<\/p>\n<\/div>\n<\/div>\n<div id=\"chunk-dn5pc\">\n<div class=\"mc-column content-text active-extra-styles \" data-block-type=\"unstyled\" data-block-weight=\"27\" data-block-id=\"15\">\n<p class=\" content-text__container \" data-track-category=\"Link no Texto\" data-track-links=\"\" data-mrf-recirculation=\"Mat\u00e9ria - Links no Texto\">\u27a1\ufe0fEsse \u00e9 um novo aceno do presidente\u00a0Luiz In\u00e1cio Lula da Silva\u00a0(PT) \u00e0 classe m\u00e9dia,\u00a0que acontece um ano antes das elei\u00e7\u00f5es presidenciais, marcadas para 2026.<\/p>\n<div id=\"chunk-fntug\">\n<div class=\"mc-column content-text active-extra-styles \" data-block-type=\"unstyled\" data-block-weight=\"19\" data-block-id=\"19\">\n<p class=\" content-text__container \" data-track-category=\"Link no Texto\" data-track-links=\"\" data-mrf-recirculation=\"Mat\u00e9ria - Links no Texto\">O Conselho do FGTS tamb\u00e9m aprovou nesta ter\u00e7a-feira (15) o reajuste nas faixas do Minha Casa, Minha Vida. Veja:<\/p>\n<\/div>\n<\/div>\n<div id=\"chunk-27eh8\">\n<div class=\"mc-column content-text active-extra-styles\" data-block-type=\"raw\" data-block-weight=\"30\" data-block-id=\"20\">\n<ul class=\"content-unordered-list\">\n<li><strong>Faixa 1<\/strong>: de at\u00e9\u00a0<strong>R$ 2.640<\/strong>\u00a0para at\u00e9\u00a0<strong>R$ 2.850<\/strong><\/li>\n<li><strong>Faixa 2<\/strong>: de<strong>\u00a0R$ 4,4 mil<\/strong>\u00a0para\u00a0<strong>R$ 4,7 mil<\/strong><\/li>\n<li><strong>Faixa 3<\/strong>: de\u00a0<strong>R$ 8 mil\u00a0<\/strong>para R$<strong>\u00a08,6 mil<\/strong><\/li>\n<\/ul>\n<\/div>\n<\/div>\n<div id=\"chunk-4mtbh\">\n<div class=\"mc-column content-text active-extra-styles \" data-block-type=\"unstyled\" data-block-weight=\"21\" data-block-id=\"21\">\n<p class=\" content-text__container \" data-track-category=\"Link no Texto\" data-track-links=\"\" data-mrf-recirculation=\"Mat\u00e9ria - Links no Texto\">De acordo com o\u00a0Minist\u00e9rio das Cidades,<strong>\u00a0100 mil<\/strong> fam\u00edlias ser\u00e3o beneficiadas com a mudan\u00e7a nos limites das faixas de renda.<\/p>\n<\/div>\n<\/div>\n<div id=\"chunk-3f9n9\">\n<div class=\"mc-column content-text active-extra-styles\" data-block-type=\"raw\" data-block-weight=\"2\" data-block-id=\"22\">\n<div class=\"content-intertitle\">\n<h2>Novos tetos<\/h2>\n<\/div>\n<\/div>\n<\/div>\n<div id=\"chunk-19u84\">\n<div class=\"mc-column content-text active-extra-styles \" data-block-type=\"unstyled\" data-block-weight=\"33\" data-block-id=\"23\">\n<p class=\" content-text__container \" data-track-category=\"Link no Texto\" data-track-links=\"\" data-mrf-recirculation=\"Mat\u00e9ria - Links no Texto\">Al\u00e9m dos ajustes, o Conselho do FGTS tamb\u00e9m deu aval para ajustar o teto de aquisi\u00e7\u00e3o de im\u00f3veis em munic\u00edpios de at\u00e9\u00a0<strong>100 mil\u00a0<\/strong>habitantes. A medida busca interiorizar os investimentos do FGTS.<\/p>\n<\/div>\n<\/div>\n<div id=\"chunk-6a0ba\">\n<div class=\"content-ads content-ads--reveal\" data-block-type=\"ads\" data-block-id=\"24\">\n<div id=\"banner_materia__ac4617a9-9a26-4389-829c-4844410deef6\" class=\"tag-manager-publicidade-container mc-has-reveal mc-has-ad-lazyload tag-manager-publicidade-banner_materia__ac4617a9-9a26-4389-829c-4844410deef6 tag-manager-publicidade-container--carregado tag-manager-publicidade-container--visivel\" data-id=\"banner_materia__ac4617a9-9a26-4389-829c-4844410deef6\" data-google-query-id=\"CMqt_o_q2owDFSBRuAQd_C0pDg\">\n<div id=\"chunk-cqmif\">\n<div class=\"mc-column content-text active-extra-styles \" data-block-type=\"unstyled\" data-block-weight=\"27\" data-block-id=\"25\">\n<p class=\" content-text__container \" data-track-category=\"Link no Texto\" data-track-links=\"\" data-mrf-recirculation=\"Mat\u00e9ria - Links no Texto\">\ud83d\udcb5Nesses locais, os novos limites ser\u00e3o de\u00a0<strong>R$ 210<\/strong>\u00a0mil a\u00a0<strong>R$ 230 mil<\/strong>\u00a0\u2013 um aumento de\u00a0<strong>11%<\/strong>\u00a0a\u00a0<strong>16%<\/strong>\u00a0em rela\u00e7\u00e3o aos valores atuais.<\/p>\n<\/div>\n<\/div>\n<div id=\"chunk-1hh8\">\n<div class=\"mc-column content-text active-extra-styles \" data-block-type=\"unstyled\" data-block-weight=\"42\" data-block-id=\"26\">\n<p class=\" content-text__container \" data-track-category=\"Link no Texto\" data-track-links=\"\" data-mrf-recirculation=\"Mat\u00e9ria - Links no Texto\">As mudan\u00e7as tamb\u00e9m incluem um ajuste para permitir que fam\u00edlias com renda de at\u00e9\u00a0<strong>R$ 4,7 mil<\/strong>\u00a0(hoje, nas faixas de renda 1 e 2) possam adquirir im\u00f3veis com teto de financiamento da Faixa 3, com teto de\u00a0<strong>R$ 350 mil<\/strong>.<\/p>\n<\/div>\n<\/div>\n<div id=\"chunk-8jlbd\">\n<div class=\"mc-column content-text active-extra-styles \" data-block-type=\"unstyled\" data-block-weight=\"18\" data-block-id=\"27\">\n<p class=\" content-text__container \" data-track-category=\"Link no Texto\" data-track-links=\"\" data-mrf-recirculation=\"Mat\u00e9ria - Links no Texto\">De acordo com a decis\u00e3o, isso poder\u00e1 ser feito, mas o financiamento ter\u00e1 as condi\u00e7\u00f5es da Faixa 3:<\/p>\n<\/div>\n<\/div>\n<div id=\"chunk-90fg0\">\n<div class=\"mc-column content-text active-extra-styles\" data-block-type=\"raw\" data-block-weight=\"11\" data-block-id=\"28\">\n<ul class=\"content-unordered-list\">\n<li>juros entre\u00a0<strong>7,66%<\/strong>\u00a0e<strong>\u00a08,16%\u00a0<\/strong>ao ano<\/li>\n<li>sem acesso a descontos<\/li>\n<\/ul>\n<p><strong>CONNECTA OESTE CONECTANDO VOC\u00ca A INFORMA\u00c7\u00c3O!<\/strong><\/p>\n<\/div>\n<\/div>\n<\/div>\n<\/div>\n<\/div>\n<\/div>\n<\/div>\n<\/div>\n<\/div>\n<\/div>\n<\/div>\n<\/div>\n","protected":false},"excerpt":{"rendered":"<p>O Conselho Curador do Fundo de Garantia por Tempo de Servi\u00e7o (FGTS) aprovou nesta ter\u00e7a-feira (15) a amplia\u00e7\u00e3o do\u00a0programa Minha Casa, Minha Vida\u00a0para a classe m\u00e9dia. O governo vai criar a &#8220;Faixa 4&#8221; do programa, com um novo teto de renda familiar, de\u00a0R$ 12 mil.\u00a0A expectativa \u00e9 que a nova cobertura esteja dispon\u00edvel em maio. [&hellip;]<\/p>\n","protected":false},"author":1,"featured_media":1355,"comment_status":"open","ping_status":"open","sticky":false,"template":"","format":"standard","meta":{"footnotes":""},"categories":[8,5],"tags":[],"class_list":["post-1354","post","type-post","status-publish","format-standard","has-post-thumbnail","hentry","category-brasil","category-noticias"],"_links":{"self":[{"href":"https:\/\/connectaoeste.com.br\/index.php\/wp-json\/wp\/v2\/posts\/1354","targetHints":{"allow":["GET"]}}],"collection":[{"href":"https:\/\/connectaoeste.com.br\/index.php\/wp-json\/wp\/v2\/posts"}],"about":[{"href":"https:\/\/connectaoeste.com.br\/index.php\/wp-json\/wp\/v2\/types\/post"}],"author":[{"embeddable":true,"href":"https:\/\/connectaoeste.com.br\/index.php\/wp-json\/wp\/v2\/users\/1"}],"replies":[{"embeddable":true,"href":"https:\/\/connectaoeste.com.br\/index.php\/wp-json\/wp\/v2\/comments?post=1354"}],"version-history":[{"count":1,"href":"https:\/\/connectaoeste.com.br\/index.php\/wp-json\/wp\/v2\/posts\/1354\/revisions"}],"predecessor-version":[{"id":1356,"href":"https:\/\/connectaoeste.com.br\/index.php\/wp-json\/wp\/v2\/posts\/1354\/revisions\/1356"}],"wp:featuredmedia":[{"embeddable":true,"href":"https:\/\/connectaoeste.com.br\/index.php\/wp-json\/wp\/v2\/media\/1355"}],"wp:attachment":[{"href":"https:\/\/connectaoeste.com.br\/index.php\/wp-json\/wp\/v2\/media?parent=1354"}],"wp:term":[{"taxonomy":"category","embeddable":true,"href":"https:\/\/connectaoeste.com.br\/index.php\/wp-json\/wp\/v2\/categories?post=1354"},{"taxonomy":"post_tag","embeddable":true,"href":"https:\/\/connectaoeste.com.br\/index.php\/wp-json\/wp\/v2\/tags?post=1354"}],"curies":[{"name":"wp","href":"https:\/\/api.w.org\/{rel}","templated":true}]}}