{"id":1365,"date":"2025-04-17T12:55:23","date_gmt":"2025-04-17T15:55:23","guid":{"rendered":"https:\/\/connectaoeste.com.br\/?p=1365"},"modified":"2025-04-17T12:55:23","modified_gmt":"2025-04-17T15:55:23","slug":"operacao-semana-santa-prf-ba-reforcar-seguranca-nas-rodovias-federais","status":"publish","type":"post","link":"https:\/\/connectaoeste.com.br\/index.php\/2025\/04\/17\/operacao-semana-santa-prf-ba-reforcar-seguranca-nas-rodovias-federais\/","title":{"rendered":"Opera\u00e7\u00e3o Semana Santa &#8211; PRF\/BA refor\u00e7ar seguran\u00e7a nas rodovias federais."},"content":{"rendered":"<p>Com a expectativa de aumento no fluxo de ve\u00edculos durante o feriado prolongado da Semana Santa, que este ano coincide com o Dia de Tiradentes, a Pol\u00edcia Rodovi\u00e1ria Federal na Bahia (PRF-BA) deu in\u00edcio \u00e0 Opera\u00e7\u00e3o Semana Santa 2025. A a\u00e7\u00e3o come\u00e7a \u00e0 meia-noite desta quinta-feira (17) e segue at\u00e9 as 23h59 da pr\u00f3xima segunda-feira (21), com foco principal na redu\u00e7\u00e3o de acidentes, refor\u00e7o da fiscaliza\u00e7\u00e3o e combate ao crime nas estradas federais que cortam o estado.<\/p>\n<p>Durante o per\u00edodo, muitos baianos devem pegar a estrada para visitar familiares, descansar em outras cidades ou aproveitar destinos tur\u00edsticos regionais. Tradicionalmente, a Semana Santa \u00e9 o segundo momento de maior movimenta\u00e7\u00e3o nas rodovias baianas, atr\u00e1s apenas das festas juninas. A estimativa da PRF \u00e9 de que o volume de ve\u00edculos nas estradas federais aumente em cerca de 15% em rela\u00e7\u00e3o a um fim de semana comum.<\/p>\n<p>Para lidar com esse cen\u00e1rio, a opera\u00e7\u00e3o ter\u00e1 policiamento intensificado em pontos estrat\u00e9gicos, especialmente onde h\u00e1 maior incid\u00eancia de acidentes. A fiscaliza\u00e7\u00e3o ser\u00e1 refor\u00e7ada para coibir pr\u00e1ticas de risco como excesso de velocidade, ultrapassagens indevidas, dire\u00e7\u00e3o sob efeito de \u00e1lcool e o n\u00e3o uso de cinto de seguran\u00e7a e cadeirinhas para crian\u00e7as.<\/p>\n<p>Al\u00e9m das a\u00e7\u00f5es de fiscaliza\u00e7\u00e3o, a PRF tamb\u00e9m promover\u00e1 atividades educativas voltadas para motoristas, passageiros, ciclistas, pedestres e motociclistas. As orienta\u00e7\u00f5es ser\u00e3o realizadas em terminais rodovi\u00e1rios, faixas de pedestres e pontos-chave das BRs, abordando temas como manuten\u00e7\u00e3o preventiva dos ve\u00edculos, uso correto de equipamentos de seguran\u00e7a, perigos da dire\u00e7\u00e3o sob efeito de \u00e1lcool e as consequ\u00eancias de infra\u00e7\u00f5es comuns no tr\u00e2nsito.<\/p>\n<p>A opera\u00e7\u00e3o tamb\u00e9m prev\u00ea a\u00e7\u00f5es voltadas ao combate \u00e0 criminalidade nas rodovias federais. Equipes da PRF atuar\u00e3o com base em informa\u00e7\u00f5es de intelig\u00eancia, com uso de tecnologias como radares m\u00f3veis, sistemas de leitura de placas e bancos de dados integrados. O objetivo \u00e9 coibir o tr\u00e1fico de drogas e armas, o roubo de ve\u00edculos, o transporte irregular de mercadorias, o contrabando e crimes ambientais.<\/p>\n<p>A Opera\u00e7\u00e3o Semana Santa 2025 integra um conjunto de a\u00e7\u00f5es cont\u00ednuas da PRF para aumentar a seguran\u00e7a vi\u00e1ria. Segundo dados do primeiro trimestre, os esfor\u00e7os t\u00eam surtido efeito: houve redu\u00e7\u00e3o de 1,3% no n\u00famero de sinistros (920 em 2024 para 908 em 2025), 6,3% no n\u00famero de feridos (1.198 para 1.123) e uma queda significativa de 28,9% nas mortes (176 para 125).<\/p>\n<p>Para evitar imprevistos durante a viagem, a PRF recomenda que os motoristas realizem uma revis\u00e3o completa dos ve\u00edculos, checando itens como pneus (inclusive o estepe), freios, far\u00f3is, limpadores de para-brisa, \u00f3leo, \u00e1gua, documenta\u00e7\u00e3o e os equipamentos obrigat\u00f3rios, como tri\u00e2ngulo, macaco e chave de roda. Tamb\u00e9m \u00e9 importante planejar o trajeto com anteced\u00eancia, fazer paradas a cada tr\u00eas horas e nunca dirigir com sono ou sob efeito de \u00e1lcool.<\/p>\n<p>A PRF ainda divulgou os trechos que mais preocupam no estado e que receber\u00e3o aten\u00e7\u00e3o redobrada durante o feriado.<\/p>\n<p><strong>CONNECTA OESTE CONECTANDO VOC\u00ca A INFORMA\u00c7\u00c3O!<\/strong><\/p>\n","protected":false},"excerpt":{"rendered":"<p>Com a expectativa de aumento no fluxo de ve\u00edculos durante o feriado prolongado da Semana Santa, que este ano coincide com o Dia de Tiradentes, a Pol\u00edcia Rodovi\u00e1ria Federal na Bahia (PRF-BA) deu in\u00edcio \u00e0 Opera\u00e7\u00e3o Semana Santa 2025. A a\u00e7\u00e3o come\u00e7a \u00e0 meia-noite desta quinta-feira (17) e segue at\u00e9 as 23h59 da pr\u00f3xima segunda-feira [&hellip;]<\/p>\n","protected":false},"author":1,"featured_media":1366,"comment_status":"open","ping_status":"open","sticky":false,"template":"","format":"standard","meta":{"footnotes":""},"categories":[7,8,70],"tags":[],"class_list":["post-1365","post","type-post","status-publish","format-standard","has-post-thumbnail","hentry","category-bahia","category-brasil","category-prf"],"_links":{"self":[{"href":"https:\/\/connectaoeste.com.br\/index.php\/wp-json\/wp\/v2\/posts\/1365","targetHints":{"allow":["GET"]}}],"collection":[{"href":"https:\/\/connectaoeste.com.br\/index.php\/wp-json\/wp\/v2\/posts"}],"about":[{"href":"https:\/\/connectaoeste.com.br\/index.php\/wp-json\/wp\/v2\/types\/post"}],"author":[{"embeddable":true,"href":"https:\/\/connectaoeste.com.br\/index.php\/wp-json\/wp\/v2\/users\/1"}],"replies":[{"embeddable":true,"href":"https:\/\/connectaoeste.com.br\/index.php\/wp-json\/wp\/v2\/comments?post=1365"}],"version-history":[{"count":1,"href":"https:\/\/connectaoeste.com.br\/index.php\/wp-json\/wp\/v2\/posts\/1365\/revisions"}],"predecessor-version":[{"id":1367,"href":"https:\/\/connectaoeste.com.br\/index.php\/wp-json\/wp\/v2\/posts\/1365\/revisions\/1367"}],"wp:featuredmedia":[{"embeddable":true,"href":"https:\/\/connectaoeste.com.br\/index.php\/wp-json\/wp\/v2\/media\/1366"}],"wp:attachment":[{"href":"https:\/\/connectaoeste.com.br\/index.php\/wp-json\/wp\/v2\/media?parent=1365"}],"wp:term":[{"taxonomy":"category","embeddable":true,"href":"https:\/\/connectaoeste.com.br\/index.php\/wp-json\/wp\/v2\/categories?post=1365"},{"taxonomy":"post_tag","embeddable":true,"href":"https:\/\/connectaoeste.com.br\/index.php\/wp-json\/wp\/v2\/tags?post=1365"}],"curies":[{"name":"wp","href":"https:\/\/api.w.org\/{rel}","templated":true}]}}