{"id":1372,"date":"2025-04-18T21:05:40","date_gmt":"2025-04-19T00:05:40","guid":{"rendered":"https:\/\/connectaoeste.com.br\/?p=1372"},"modified":"2025-04-18T21:05:40","modified_gmt":"2025-04-19T00:05:40","slug":"frio-avassaladora-chega-a-tres-regioes-do-brasil-confira-quais","status":"publish","type":"post","link":"https:\/\/connectaoeste.com.br\/index.php\/2025\/04\/18\/frio-avassaladora-chega-a-tres-regioes-do-brasil-confira-quais\/","title":{"rendered":"Frio avassaladora chega a tr\u00eas regi\u00f5es do Brasil; confira quais."},"content":{"rendered":"<p>O feriad\u00e3o da P\u00e1scoa e Tiradentes tem previs\u00e3o de chuvas intensas e queda de temperatura nas regi\u00f5es Sul e Sudeste do Brasil, segundo a previs\u00e3o do Instituto Nacional de Meteorologia (Inmet).<\/p>\n<p>Em \u00e1reas de S\u00e3o Paulo, Mato Grosso do Sul e Paran\u00e1, as instabilidades devem se intensificar neste per\u00edodo, com chuvas que podem chegar aos 100 mm e\u00a0<b>rajadas de vento que podem chegar a 100 km\/h<\/b>. Sendo assim, os ventos podem atingir o\u00a0<b>n\u00edvel 10\u00a0<\/b>da<b>\u00a0<\/b><span class=\"LinkEnhancement\">escala Beaufort<\/span>, que vai at\u00e9 12, quando os ventos ultrapassam 120 km\/h e \u00e9 classificado como\u00a0<b>furac\u00e3o<\/b>.<\/p>\n<p>Nesta Sexta-Feira Santa (18), s\u00e3o esperadas pancadas de chuva com trovoadas no centro-sul de Mato Grosso do Sul. A tend\u00eancia \u00e9 de que as instabilidades diminuam no decorrer do feriado prolongado.<\/p>\n<p>Em S\u00e3o Paulo, as chuvas mais significativas devem acontecer no Oeste e Centro-norte do estado nesta sexta (18), persistindo no s\u00e1bado (19) e de forma mais moderada no litoral, devido \u00e0 passagem de um sistema frontal pelo oceano. Com isso, algumas localidades podem registrar\u00a0<b>queda de temperatura no domingo (20)<\/b>, e o interior do estado deve apresentar poucas nuvens na segunda-feira (21).<\/p>\n<p>Uma nova frente fria come\u00e7a a se deslocar pelo oceano a partir desta sexta-feira (18), provocando instabilidades na Regi\u00e3o Sul. O Centro-norte do Rio Grande do Sul ser\u00e1 o primeiro a ser atingido, com o avan\u00e7o do sistema previsto para s\u00e1bado (19) e domingo (20), atingindo tamb\u00e9m o oeste de Santa Catarina e do Paran\u00e1.<\/p>\n<h2>Semana Santa ser\u00e1 de muita chuva<\/h2>\n<p>Segundo o Inmet, a previs\u00e3o \u00e9 de chuvas moderadas na regi\u00e3o, mas que ser\u00e3o bem-vindas para restabelecer a umidade do solo, que ficou mais seco durante o per\u00edodo do ver\u00e3o no in\u00edcio deste ano.<\/p>\n<div class=\"Page-articleBody\" data-mrf-recirculation=\"Links do corpo do artigo\">\n<div class=\"RichTextArticleBody RichTextBody\">\n<p>A partir do final de semana, a massa de ar frio deve favorecer a forma\u00e7\u00e3o de geada fraca para \u00e1reas da Regi\u00e3o Sul, entre s\u00e1bado (19) e segunda-feira (21).<\/p>\n<p><strong>CONNECTA OESTE CONECTANDO VOC\u00ca A INFORMA\u00c7\u00c3O!<\/strong><\/p>\n<\/div>\n<\/div>\n<div class=\"Page-actions-bottom\">\n<div class=\"Page-actions\">\n<div class=\"ActionBar\">\n<p>&nbsp;<\/p>\n<\/div>\n<\/div>\n<\/div>\n","protected":false},"excerpt":{"rendered":"<p>O feriad\u00e3o da P\u00e1scoa e Tiradentes tem previs\u00e3o de chuvas intensas e queda de temperatura nas regi\u00f5es Sul e Sudeste do Brasil, segundo a previs\u00e3o do Instituto Nacional de Meteorologia (Inmet). Em \u00e1reas de S\u00e3o Paulo, Mato Grosso do Sul e Paran\u00e1, as instabilidades devem se intensificar neste per\u00edodo, com chuvas que podem chegar aos [&hellip;]<\/p>\n","protected":false},"author":1,"featured_media":1373,"comment_status":"open","ping_status":"open","sticky":false,"template":"","format":"standard","meta":{"footnotes":""},"categories":[8,85,5],"tags":[],"class_list":["post-1372","post","type-post","status-publish","format-standard","has-post-thumbnail","hentry","category-brasil","category-frio","category-noticias"],"_links":{"self":[{"href":"https:\/\/connectaoeste.com.br\/index.php\/wp-json\/wp\/v2\/posts\/1372","targetHints":{"allow":["GET"]}}],"collection":[{"href":"https:\/\/connectaoeste.com.br\/index.php\/wp-json\/wp\/v2\/posts"}],"about":[{"href":"https:\/\/connectaoeste.com.br\/index.php\/wp-json\/wp\/v2\/types\/post"}],"author":[{"embeddable":true,"href":"https:\/\/connectaoeste.com.br\/index.php\/wp-json\/wp\/v2\/users\/1"}],"replies":[{"embeddable":true,"href":"https:\/\/connectaoeste.com.br\/index.php\/wp-json\/wp\/v2\/comments?post=1372"}],"version-history":[{"count":1,"href":"https:\/\/connectaoeste.com.br\/index.php\/wp-json\/wp\/v2\/posts\/1372\/revisions"}],"predecessor-version":[{"id":1374,"href":"https:\/\/connectaoeste.com.br\/index.php\/wp-json\/wp\/v2\/posts\/1372\/revisions\/1374"}],"wp:featuredmedia":[{"embeddable":true,"href":"https:\/\/connectaoeste.com.br\/index.php\/wp-json\/wp\/v2\/media\/1373"}],"wp:attachment":[{"href":"https:\/\/connectaoeste.com.br\/index.php\/wp-json\/wp\/v2\/media?parent=1372"}],"wp:term":[{"taxonomy":"category","embeddable":true,"href":"https:\/\/connectaoeste.com.br\/index.php\/wp-json\/wp\/v2\/categories?post=1372"},{"taxonomy":"post_tag","embeddable":true,"href":"https:\/\/connectaoeste.com.br\/index.php\/wp-json\/wp\/v2\/tags?post=1372"}],"curies":[{"name":"wp","href":"https:\/\/api.w.org\/{rel}","templated":true}]}}