{"id":1377,"date":"2025-04-19T12:43:13","date_gmt":"2025-04-19T15:43:13","guid":{"rendered":"https:\/\/connectaoeste.com.br\/?p=1377"},"modified":"2025-04-19T12:43:13","modified_gmt":"2025-04-19T15:43:13","slug":"homem-morre-carbonizado-dentro-de-carro-em-vitoria-da-conquista","status":"publish","type":"post","link":"https:\/\/connectaoeste.com.br\/index.php\/2025\/04\/19\/homem-morre-carbonizado-dentro-de-carro-em-vitoria-da-conquista\/","title":{"rendered":"Homem morre carbonizado dentro de carro em Vit\u00f3ria da Conquista."},"content":{"rendered":"<p>Um tr\u00e1gico incidente marcou o domingo (13) em Vit\u00f3ria da Conquista, no sudoeste da Bahia. Geovani dos Reis, de 40 anos, morreu carbonizado dentro de um carro que pegou fogo em uma rua da cidade.<\/p>\n<p>Imagens de c\u00e2meras de seguran\u00e7a mostram o momento em que Geovani observa fuma\u00e7a saindo do ve\u00edculo. Em um ato ainda inexplicado, ele entra no autom\u00f3vel mesmo com as chamas j\u00e1 vis\u00edveis. Poucos instantes depois, o carro \u00e9 completamente tomado pelo fogo.<\/p>\n<p>O 7\u00b0 Batalh\u00e3o de Bombeiros Militar foi acionado e conseguiu controlar o inc\u00eandio, mas a v\u00edtima j\u00e1 estava sem vida. O corpo de Geovani foi removido pelo Departamento de Pol\u00edcia T\u00e9cnica (DPT) e passar\u00e1 por per\u00edcia para esclarecer as circunst\u00e2ncias da morte.<\/p>\n<p>O caso est\u00e1 sendo investigado e ainda n\u00e3o se sabe o que motivou Geovani a entrar no carro em chamas, nem se h\u00e1 envolvimento de terceiros.<\/p>\n<p>vejam o v\u00eddeo a seguir&#8230;<\/p>\n<div style=\"width: 640px;\" class=\"wp-video\"><!--[if lt IE 9]><script>document.createElement('video');<\/script><![endif]-->\n<video class=\"wp-video-shortcode\" id=\"video-1377-1\" width=\"640\" height=\"468\" preload=\"metadata\" controls=\"controls\"><source type=\"video\/mp4\" src=\"http:\/\/connectaoeste.com.br\/wp-content\/uploads\/2025\/04\/SaveClip.App_AQPTPtM3-KsfMaF2ZnNJ9ttaNdiycOXvkwqLGd8HbheMzr.mp4?_=1\" \/><a href=\"http:\/\/connectaoeste.com.br\/wp-content\/uploads\/2025\/04\/SaveClip.App_AQPTPtM3-KsfMaF2ZnNJ9ttaNdiycOXvkwqLGd8HbheMzr.mp4\">http:\/\/connectaoeste.com.br\/wp-content\/uploads\/2025\/04\/SaveClip.App_AQPTPtM3-KsfMaF2ZnNJ9ttaNdiycOXvkwqLGd8HbheMzr.mp4<\/a><\/video><\/div>\n<p><strong>CONNECTA OESTE CONECTANDO VOC\u00ca A INFORMA\u00c7\u00c3O!<\/strong><\/p>\n<p>&nbsp;<\/p>\n","protected":false},"excerpt":{"rendered":"<p>Um tr\u00e1gico incidente marcou o domingo (13) em Vit\u00f3ria da Conquista, no sudoeste da Bahia. Geovani dos Reis, de 40 anos, morreu carbonizado dentro de um carro que pegou fogo em uma rua da cidade. Imagens de c\u00e2meras de seguran\u00e7a mostram o momento em que Geovani observa fuma\u00e7a saindo do ve\u00edculo. Em um ato ainda [&hellip;]<\/p>\n","protected":false},"author":1,"featured_media":1378,"comment_status":"open","ping_status":"open","sticky":false,"template":"","format":"standard","meta":{"footnotes":""},"categories":[7,5],"tags":[],"class_list":["post-1377","post","type-post","status-publish","format-standard","has-post-thumbnail","hentry","category-bahia","category-noticias"],"_links":{"self":[{"href":"https:\/\/connectaoeste.com.br\/index.php\/wp-json\/wp\/v2\/posts\/1377","targetHints":{"allow":["GET"]}}],"collection":[{"href":"https:\/\/connectaoeste.com.br\/index.php\/wp-json\/wp\/v2\/posts"}],"about":[{"href":"https:\/\/connectaoeste.com.br\/index.php\/wp-json\/wp\/v2\/types\/post"}],"author":[{"embeddable":true,"href":"https:\/\/connectaoeste.com.br\/index.php\/wp-json\/wp\/v2\/users\/1"}],"replies":[{"embeddable":true,"href":"https:\/\/connectaoeste.com.br\/index.php\/wp-json\/wp\/v2\/comments?post=1377"}],"version-history":[{"count":2,"href":"https:\/\/connectaoeste.com.br\/index.php\/wp-json\/wp\/v2\/posts\/1377\/revisions"}],"predecessor-version":[{"id":1381,"href":"https:\/\/connectaoeste.com.br\/index.php\/wp-json\/wp\/v2\/posts\/1377\/revisions\/1381"}],"wp:featuredmedia":[{"embeddable":true,"href":"https:\/\/connectaoeste.com.br\/index.php\/wp-json\/wp\/v2\/media\/1378"}],"wp:attachment":[{"href":"https:\/\/connectaoeste.com.br\/index.php\/wp-json\/wp\/v2\/media?parent=1377"}],"wp:term":[{"taxonomy":"category","embeddable":true,"href":"https:\/\/connectaoeste.com.br\/index.php\/wp-json\/wp\/v2\/categories?post=1377"},{"taxonomy":"post_tag","embeddable":true,"href":"https:\/\/connectaoeste.com.br\/index.php\/wp-json\/wp\/v2\/tags?post=1377"}],"curies":[{"name":"wp","href":"https:\/\/api.w.org\/{rel}","templated":true}]}}