{"id":1410,"date":"2025-04-26T16:58:41","date_gmt":"2025-04-26T19:58:41","guid":{"rendered":"https:\/\/connectaoeste.com.br\/?p=1410"},"modified":"2025-04-26T16:58:41","modified_gmt":"2025-04-26T19:58:41","slug":"a-grande-cavalgada-rota-da-fe-2025","status":"publish","type":"post","link":"https:\/\/connectaoeste.com.br\/index.php\/2025\/04\/26\/a-grande-cavalgada-rota-da-fe-2025\/","title":{"rendered":"A Grande Cavalgada Rota da F\u00e9 2025."},"content":{"rendered":"<p><img loading=\"lazy\" decoding=\"async\" class=\"alignnone  wp-image-1411\" src=\"http:\/\/connectaoeste.com.br\/wp-content\/uploads\/2025\/04\/WhatsApp-Image-2025-04-25-at-06.46.17-169x300.jpeg\" alt=\"\" width=\"296\" height=\"525\" srcset=\"https:\/\/connectaoeste.com.br\/wp-content\/uploads\/2025\/04\/WhatsApp-Image-2025-04-25-at-06.46.17-169x300.jpeg 169w, https:\/\/connectaoeste.com.br\/wp-content\/uploads\/2025\/04\/WhatsApp-Image-2025-04-25-at-06.46.17-576x1024.jpeg 576w, https:\/\/connectaoeste.com.br\/wp-content\/uploads\/2025\/04\/WhatsApp-Image-2025-04-25-at-06.46.17-768x1365.jpeg 768w, https:\/\/connectaoeste.com.br\/wp-content\/uploads\/2025\/04\/WhatsApp-Image-2025-04-25-at-06.46.17-864x1536.jpeg 864w, https:\/\/connectaoeste.com.br\/wp-content\/uploads\/2025\/04\/WhatsApp-Image-2025-04-25-at-06.46.17-1152x2048.jpeg 1152w, https:\/\/connectaoeste.com.br\/wp-content\/uploads\/2025\/04\/WhatsApp-Image-2025-04-25-at-06.46.17-200x356.jpeg 200w, https:\/\/connectaoeste.com.br\/wp-content\/uploads\/2025\/04\/WhatsApp-Image-2025-04-25-at-06.46.17-1024x1820.jpeg 1024w, https:\/\/connectaoeste.com.br\/wp-content\/uploads\/2025\/04\/WhatsApp-Image-2025-04-25-at-06.46.17.jpeg 1440w\" sizes=\"auto, (max-width: 296px) 100vw, 296px\" \/> <img loading=\"lazy\" decoding=\"async\" class=\"alignnone  wp-image-1412\" src=\"http:\/\/connectaoeste.com.br\/wp-content\/uploads\/2025\/04\/WhatsApp-Image-2025-04-25-at-06.46.16-169x300.jpeg\" alt=\"\" width=\"296\" height=\"525\" srcset=\"https:\/\/connectaoeste.com.br\/wp-content\/uploads\/2025\/04\/WhatsApp-Image-2025-04-25-at-06.46.16-169x300.jpeg 169w, https:\/\/connectaoeste.com.br\/wp-content\/uploads\/2025\/04\/WhatsApp-Image-2025-04-25-at-06.46.16-576x1024.jpeg 576w, https:\/\/connectaoeste.com.br\/wp-content\/uploads\/2025\/04\/WhatsApp-Image-2025-04-25-at-06.46.16-768x1365.jpeg 768w, https:\/\/connectaoeste.com.br\/wp-content\/uploads\/2025\/04\/WhatsApp-Image-2025-04-25-at-06.46.16-864x1536.jpeg 864w, https:\/\/connectaoeste.com.br\/wp-content\/uploads\/2025\/04\/WhatsApp-Image-2025-04-25-at-06.46.16-1152x2048.jpeg 1152w, https:\/\/connectaoeste.com.br\/wp-content\/uploads\/2025\/04\/WhatsApp-Image-2025-04-25-at-06.46.16-200x356.jpeg 200w, https:\/\/connectaoeste.com.br\/wp-content\/uploads\/2025\/04\/WhatsApp-Image-2025-04-25-at-06.46.16-1024x1820.jpeg 1024w, https:\/\/connectaoeste.com.br\/wp-content\/uploads\/2025\/04\/WhatsApp-Image-2025-04-25-at-06.46.16.jpeg 1440w\" sizes=\"auto, (max-width: 296px) 100vw, 296px\" \/><\/p>\n<p>A Grande Cavalgada Rota da F\u00e9 chega \u00e0 sua quinta edi\u00e7\u00e3o no dia 27 de abril de 2025, reunindo tradi\u00e7\u00e3o, devo\u00e7\u00e3o e a alegria de cavaleiros e amazonas em um trajeto especial.<br \/>\nA cavalgada ter\u00e1 in\u00edcio na Pra\u00e7a Beira Rio, em S\u00e3o Manoel, onde os participantes se encontrar\u00e3o para dar in\u00edcio a essa jornada incr\u00edvel. O percurso atravessa as ruas do distrito de S\u00e3o Manoel, segue por S\u00e3o Manoel de Cima e avan\u00e7a at\u00e9 a Fazenda Boa Nova, onde um delicioso almo\u00e7o estar\u00e1 esperando todos os participantes.<br \/>\nPara tornar esse momento ainda mais especial, a festa ser\u00e1 embalada por shows ao vivo com grandes artistas: Sandro e Santiago, Rancho de Ouro, Chamego Quente e Igor Lima, garantindo um repert\u00f3rio variado para animar a celebra\u00e7\u00e3o.<br \/>\nTudo est\u00e1 sendo preparado com muito carinho para proporcionar uma experi\u00eancia inesquec\u00edvel. Venha fazer parte dessa tradi\u00e7\u00e3o e viver momentos de f\u00e9, cultura e confraterniza\u00e7\u00e3o. Esperamos voc\u00eas l\u00e1! \ud83d\udc0e\ud83c\udfb6\ud83c\udf3e<\/p>\n<p><strong>CONNECTA OESTE CONECTANDO VOC\u00ca A INFORMA\u00c7\u00c3O!<\/strong><\/p>\n","protected":false},"excerpt":{"rendered":"<p>A Grande Cavalgada Rota da F\u00e9 chega \u00e0 sua quinta edi\u00e7\u00e3o no dia 27 de abril de 2025, reunindo tradi\u00e7\u00e3o, devo\u00e7\u00e3o e a alegria de cavaleiros e amazonas em um trajeto especial. A cavalgada ter\u00e1 in\u00edcio na Pra\u00e7a Beira Rio, em S\u00e3o Manoel, onde os participantes se encontrar\u00e3o para dar in\u00edcio a essa jornada incr\u00edvel. [&hellip;]<\/p>\n","protected":false},"author":1,"featured_media":1416,"comment_status":"open","ping_status":"open","sticky":false,"template":"","format":"standard","meta":{"footnotes":""},"categories":[7,45,62,63],"tags":[],"class_list":["post-1410","post","type-post","status-publish","format-standard","has-post-thumbnail","hentry","category-bahia","category-correntina","category-evento","category-festa"],"_links":{"self":[{"href":"https:\/\/connectaoeste.com.br\/index.php\/wp-json\/wp\/v2\/posts\/1410","targetHints":{"allow":["GET"]}}],"collection":[{"href":"https:\/\/connectaoeste.com.br\/index.php\/wp-json\/wp\/v2\/posts"}],"about":[{"href":"https:\/\/connectaoeste.com.br\/index.php\/wp-json\/wp\/v2\/types\/post"}],"author":[{"embeddable":true,"href":"https:\/\/connectaoeste.com.br\/index.php\/wp-json\/wp\/v2\/users\/1"}],"replies":[{"embeddable":true,"href":"https:\/\/connectaoeste.com.br\/index.php\/wp-json\/wp\/v2\/comments?post=1410"}],"version-history":[{"count":3,"href":"https:\/\/connectaoeste.com.br\/index.php\/wp-json\/wp\/v2\/posts\/1410\/revisions"}],"predecessor-version":[{"id":1417,"href":"https:\/\/connectaoeste.com.br\/index.php\/wp-json\/wp\/v2\/posts\/1410\/revisions\/1417"}],"wp:featuredmedia":[{"embeddable":true,"href":"https:\/\/connectaoeste.com.br\/index.php\/wp-json\/wp\/v2\/media\/1416"}],"wp:attachment":[{"href":"https:\/\/connectaoeste.com.br\/index.php\/wp-json\/wp\/v2\/media?parent=1410"}],"wp:term":[{"taxonomy":"category","embeddable":true,"href":"https:\/\/connectaoeste.com.br\/index.php\/wp-json\/wp\/v2\/categories?post=1410"},{"taxonomy":"post_tag","embeddable":true,"href":"https:\/\/connectaoeste.com.br\/index.php\/wp-json\/wp\/v2\/tags?post=1410"}],"curies":[{"name":"wp","href":"https:\/\/api.w.org\/{rel}","templated":true}]}}