{"id":1418,"date":"2025-04-28T18:48:04","date_gmt":"2025-04-28T21:48:04","guid":{"rendered":"https:\/\/connectaoeste.com.br\/?p=1418"},"modified":"2025-04-28T18:48:04","modified_gmt":"2025-04-28T21:48:04","slug":"brasil-tera-camisa-vermelha-na-copa-de-2026","status":"publish","type":"post","link":"https:\/\/connectaoeste.com.br\/index.php\/2025\/04\/28\/brasil-tera-camisa-vermelha-na-copa-de-2026\/","title":{"rendered":"Brasil ter\u00e1 camisa vermelha na Copa de 2026."},"content":{"rendered":"<h2>&#8220;O Brasil quebrar\u00e1 a tradi\u00e7\u00e3o na Copa do Mundo da Fifa de 2026, com um uniforme reserva em uma cor nunca usada antes na hist\u00f3ria da sele\u00e7\u00e3o.<\/h2>\n<p>Uma not\u00edcia impactante sacudiu o mundo do futebol na manh\u00e3 desta segunda-feira (28\/4). Segundo o site especializado\u00a0Footy Headlines, famoso por publicar not\u00edcias sobre o vazamento de uniformes de times e sele\u00e7\u00f5es, a Sele\u00e7\u00e3o Brasileira ter\u00e1 uma camisa vermelha como segundo uniforme na Copa do Mundo de 2026. O uniforme principal continuar\u00e1 com a cor amarela.<\/p>\n<p>&#8220;O Brasil quebrar\u00e1 a tradi\u00e7\u00e3o na Copa do Mundo da FIFA de 2026, com um uniforme reserva em uma cor nunca usada antes na hist\u00f3ria da sele\u00e7\u00e3o&#8221;, diz o site, completando a informa\u00e7\u00e3o de que o tom exato de vermelho e o design completo do uniforme ainda n\u00e3o foram divulgados, mas os primeiros ind\u00edcios sugerem uma &#8220;base vermelha moderna e vibrante&#8221;.<\/p>\n<p>De acordo ainda com o Footy Headlines, o uniforme reserva do Brasil para 2026 apresentar\u00e1 o logotipo da marca Jordan em vez da Nike. Segundo o site, a nova camisa estar\u00e1 dispon\u00edvel a partir de mar\u00e7o de 2026.<\/p>\n<p class=\"texto\">A CBF n\u00e3o se pronunciou sobre a suposta mudan\u00e7a de cor na camisa da Sele\u00e7\u00e3o at\u00e9 a \u00faltima atualiza\u00e7\u00e3o desta reportagem. O estatuto da entidade, no entanto, prev\u00ea que\u00a0a Sele\u00e7\u00e3o s\u00f3 pode usar uniformes com as cores existentes na bandeira da entidade (azul, amarelo, verde e branco). A\u00a0\u00fanica exce\u00e7\u00e3o prevista no texto \u00e9 quando h\u00e1 eventos comemorativos. Confira o que diz o texto:<\/p>\n<p class=\"texto\"><em>&#8220;III \u2013 os uniformes obedecer\u00e3o \u00e0s cores existentes na bandeira da CBF e conter\u00e3o o emblema descrito no inciso II deste artigo, podendo variar de acordo com exig\u00eancias do clima, em modelos aprovados pela Diretoria, n\u00e3o sendo obrigat\u00f3rio que cada tipo de uniforme contenha todas as cores existentes na bandeira e sendo permitida a elabora\u00e7\u00e3o de modelos comemorativos em cores diversas, sempre mediante aprova\u00e7\u00e3o da Diretoria.&#8221;<\/em><\/p>\n<p><strong>CONNECTA OESTE CONECTANDO VOC\u00ca A INFORMA\u00c7\u00c3O!<\/strong><\/p>\n","protected":false},"excerpt":{"rendered":"<p>&#8220;O Brasil quebrar\u00e1 a tradi\u00e7\u00e3o na Copa do Mundo da Fifa de 2026, com um uniforme reserva em uma cor nunca usada antes na hist\u00f3ria da sele\u00e7\u00e3o. Uma not\u00edcia impactante sacudiu o mundo do futebol na manh\u00e3 desta segunda-feira (28\/4). Segundo o site especializado\u00a0Footy Headlines, famoso por publicar not\u00edcias sobre o vazamento de uniformes de [&hellip;]<\/p>\n","protected":false},"author":1,"featured_media":1419,"comment_status":"open","ping_status":"open","sticky":false,"template":"","format":"standard","meta":{"footnotes":""},"categories":[8,6,9,78,5],"tags":[],"class_list":["post-1418","post","type-post","status-publish","format-standard","has-post-thumbnail","hentry","category-brasil","category-esportes","category-mundo","category-neymar","category-noticias"],"_links":{"self":[{"href":"https:\/\/connectaoeste.com.br\/index.php\/wp-json\/wp\/v2\/posts\/1418","targetHints":{"allow":["GET"]}}],"collection":[{"href":"https:\/\/connectaoeste.com.br\/index.php\/wp-json\/wp\/v2\/posts"}],"about":[{"href":"https:\/\/connectaoeste.com.br\/index.php\/wp-json\/wp\/v2\/types\/post"}],"author":[{"embeddable":true,"href":"https:\/\/connectaoeste.com.br\/index.php\/wp-json\/wp\/v2\/users\/1"}],"replies":[{"embeddable":true,"href":"https:\/\/connectaoeste.com.br\/index.php\/wp-json\/wp\/v2\/comments?post=1418"}],"version-history":[{"count":2,"href":"https:\/\/connectaoeste.com.br\/index.php\/wp-json\/wp\/v2\/posts\/1418\/revisions"}],"predecessor-version":[{"id":1421,"href":"https:\/\/connectaoeste.com.br\/index.php\/wp-json\/wp\/v2\/posts\/1418\/revisions\/1421"}],"wp:featuredmedia":[{"embeddable":true,"href":"https:\/\/connectaoeste.com.br\/index.php\/wp-json\/wp\/v2\/media\/1419"}],"wp:attachment":[{"href":"https:\/\/connectaoeste.com.br\/index.php\/wp-json\/wp\/v2\/media?parent=1418"}],"wp:term":[{"taxonomy":"category","embeddable":true,"href":"https:\/\/connectaoeste.com.br\/index.php\/wp-json\/wp\/v2\/categories?post=1418"},{"taxonomy":"post_tag","embeddable":true,"href":"https:\/\/connectaoeste.com.br\/index.php\/wp-json\/wp\/v2\/tags?post=1418"}],"curies":[{"name":"wp","href":"https:\/\/api.w.org\/{rel}","templated":true}]}}