{"id":1443,"date":"2025-05-02T16:37:13","date_gmt":"2025-05-02T19:37:13","guid":{"rendered":"https:\/\/connectaoeste.com.br\/?p=1443"},"modified":"2025-06-05T09:52:17","modified_gmt":"2025-06-05T12:52:17","slug":"assessor-da-prefeita-de-ubaitaba-ba-e-flagrado-dando-tiros-para-cima-em-festa","status":"publish","type":"post","link":"https:\/\/connectaoeste.com.br\/index.php\/2025\/05\/02\/assessor-da-prefeita-de-ubaitaba-ba-e-flagrado-dando-tiros-para-cima-em-festa\/","title":{"rendered":"Assessor da prefeita de Ubaitaba (BA) \u00e9 flagrado dando tiros para cima em festa."},"content":{"rendered":"<h2 class=\"base-font-primary dark:base-text-neutral-high-400 base-text-xxs base-font-bold base-leading-md sm:base-text-md sm:base-font-medium sm:base-leading-lg base-text-neutral-low-500\">O incidente, transmitido ao vivo pela internet, gerou grande repercuss\u00e3o negativa<\/h2>\n<p class=\"dark:base-text-neutral-high-400 base-text-[calc(theme(fontSize.xs)_*_var(--font-size,_1))] base-font-normal base-font-primary base-text-neutral-low-500 base-text-left\"><span class=\"b-article-body__text\">O assessor da prefeita de Ubaitaba (BA) foi flagrado atirando para o alto durante uma confraterniza\u00e7\u00e3o.<\/span><\/p>\n<p class=\"dark:base-text-neutral-high-400 base-text-[calc(theme(fontSize.xs)_*_var(--font-size,_1))] base-font-normal base-font-primary base-text-neutral-low-500 base-text-left\"><span class=\"b-article-body__text\">O incidente, transmitido ao vivo pela internet, gerou grande repercuss\u00e3o negativa. Alguns internautas comentaram que \u00e9 necess\u00e1ria uma investiga\u00e7\u00e3o do Minist\u00e9rio P\u00fablico e da Pol\u00edcia Civil sobre o caso.<\/span><\/p>\n<p><strong>veja a reportagem completa da Balan\u00e7o Geral Bahia.<\/strong><\/p>\n<div style=\"width: 640px;\" class=\"wp-video\"><!--[if lt IE 9]><script>document.createElement('video');<\/script><![endif]-->\n<video class=\"wp-video-shortcode\" id=\"video-1443-1\" width=\"640\" height=\"360\" preload=\"metadata\" controls=\"controls\"><source type=\"video\/mp4\" src=\"http:\/\/connectaoeste.com.br\/wp-content\/uploads\/2025\/05\/Assessor-da-prefeita-de-Ubaitaba-BA-e-flagrado-dando-tiros-para-cima-em-festa.mp4?_=1\" \/><a href=\"http:\/\/connectaoeste.com.br\/wp-content\/uploads\/2025\/05\/Assessor-da-prefeita-de-Ubaitaba-BA-e-flagrado-dando-tiros-para-cima-em-festa.mp4\">http:\/\/connectaoeste.com.br\/wp-content\/uploads\/2025\/05\/Assessor-da-prefeita-de-Ubaitaba-BA-e-flagrado-dando-tiros-para-cima-em-festa.mp4<\/a><\/video><\/div>\n<p>A prefeitura ainda n\u00e3o se pronunciou oficialmente.<\/p>\n<p><strong>CONNECTA OESTE CONECTANDO VOC\u00ca A INFORMA\u00c7\u00c3O!<\/strong><\/p>\n","protected":false},"excerpt":{"rendered":"<p>O incidente, transmitido ao vivo pela internet, gerou grande repercuss\u00e3o negativa O assessor da prefeita de Ubaitaba (BA) foi flagrado atirando para o alto durante uma confraterniza\u00e7\u00e3o. O incidente, transmitido ao vivo pela internet, gerou grande repercuss\u00e3o negativa. Alguns internautas comentaram que \u00e9 necess\u00e1ria uma investiga\u00e7\u00e3o do Minist\u00e9rio P\u00fablico e da Pol\u00edcia Civil sobre o [&hellip;]<\/p>\n","protected":false},"author":1,"featured_media":1445,"comment_status":"open","ping_status":"open","sticky":false,"template":"","format":"standard","meta":{"footnotes":""},"categories":[7,8,63,5,1],"tags":[],"class_list":["post-1443","post","type-post","status-publish","format-standard","has-post-thumbnail","hentry","category-bahia","category-brasil","category-festa","category-noticias","category-politica"],"_links":{"self":[{"href":"https:\/\/connectaoeste.com.br\/index.php\/wp-json\/wp\/v2\/posts\/1443","targetHints":{"allow":["GET"]}}],"collection":[{"href":"https:\/\/connectaoeste.com.br\/index.php\/wp-json\/wp\/v2\/posts"}],"about":[{"href":"https:\/\/connectaoeste.com.br\/index.php\/wp-json\/wp\/v2\/types\/post"}],"author":[{"embeddable":true,"href":"https:\/\/connectaoeste.com.br\/index.php\/wp-json\/wp\/v2\/users\/1"}],"replies":[{"embeddable":true,"href":"https:\/\/connectaoeste.com.br\/index.php\/wp-json\/wp\/v2\/comments?post=1443"}],"version-history":[{"count":2,"href":"https:\/\/connectaoeste.com.br\/index.php\/wp-json\/wp\/v2\/posts\/1443\/revisions"}],"predecessor-version":[{"id":1447,"href":"https:\/\/connectaoeste.com.br\/index.php\/wp-json\/wp\/v2\/posts\/1443\/revisions\/1447"}],"wp:featuredmedia":[{"embeddable":true,"href":"https:\/\/connectaoeste.com.br\/index.php\/wp-json\/wp\/v2\/media\/1445"}],"wp:attachment":[{"href":"https:\/\/connectaoeste.com.br\/index.php\/wp-json\/wp\/v2\/media?parent=1443"}],"wp:term":[{"taxonomy":"category","embeddable":true,"href":"https:\/\/connectaoeste.com.br\/index.php\/wp-json\/wp\/v2\/categories?post=1443"},{"taxonomy":"post_tag","embeddable":true,"href":"https:\/\/connectaoeste.com.br\/index.php\/wp-json\/wp\/v2\/tags?post=1443"}],"curies":[{"name":"wp","href":"https:\/\/api.w.org\/{rel}","templated":true}]}}