{"id":1452,"date":"2025-05-06T15:57:53","date_gmt":"2025-05-06T18:57:53","guid":{"rendered":"https:\/\/connectaoeste.com.br\/?p=1452"},"modified":"2025-06-05T09:51:55","modified_gmt":"2025-06-05T12:51:55","slug":"governador-da-bahia-fala-em-levar-eleitores-de-bolsonaro-para-a-vala","status":"publish","type":"post","link":"https:\/\/connectaoeste.com.br\/index.php\/2025\/05\/06\/governador-da-bahia-fala-em-levar-eleitores-de-bolsonaro-para-a-vala\/","title":{"rendered":"Governador da Bahia fala em levar eleitores de Bolsonaro \u201cpara a vala\u201d"},"content":{"rendered":"<!--[if lt IE 9]><script>document.createElement('audio');<\/script><![endif]-->\n<audio class=\"wp-audio-shortcode\" id=\"audio-1452-1\" preload=\"none\" style=\"width: 100%;\" controls=\"controls\"><source type=\"audio\/mpeg\" src=\"http:\/\/connectaoeste.com.br\/wp-content\/uploads\/2025\/05\/Governador-da-Bahia-fala-em-levar-eleitores-de-Bolsonaro-para-a-vala-CNN-Brasil-1.mp3?_=1\" \/><a href=\"http:\/\/connectaoeste.com.br\/wp-content\/uploads\/2025\/05\/Governador-da-Bahia-fala-em-levar-eleitores-de-Bolsonaro-para-a-vala-CNN-Brasil-1.mp3\">http:\/\/connectaoeste.com.br\/wp-content\/uploads\/2025\/05\/Governador-da-Bahia-fala-em-levar-eleitores-de-Bolsonaro-para-a-vala-CNN-Brasil-1.mp3<\/a><\/audio>\n<p>O governador da Bahia, Jer\u00f4nimo Rodrigues (PT), sugeriu, em discurso durante uma agenda no munic\u00edpio de Jo\u00e3o Dourado, na \u00faltima sexta-feira (2), que o ex-presidente Jair Bolsonaro (PL) e seus eleitores fossem levados \u201cpara a vala\u201d.<\/p>\n<div style=\"width: 640px;\" class=\"wp-video\"><!--[if lt IE 9]><script>document.createElement('video');<\/script><![endif]-->\n<video class=\"wp-video-shortcode\" id=\"video-1452-1\" width=\"640\" height=\"1138\" preload=\"metadata\" controls=\"controls\"><source type=\"video\/mp4\" src=\"http:\/\/connectaoeste.com.br\/wp-content\/uploads\/2025\/05\/connecta-1.mp4?_=1\" \/><a href=\"http:\/\/connectaoeste.com.br\/wp-content\/uploads\/2025\/05\/connecta-1.mp4\">http:\/\/connectaoeste.com.br\/wp-content\/uploads\/2025\/05\/connecta-1.mp4<\/a><\/video><\/div>\n<p>\u201cTivemos um presidente que sorria daqueles que estavam na pandemia, sentindo falta de ar. Ele vai pagar essa conta dele e quem votou nele podia pagar tamb\u00e9m a conta! Fazia no pacote. Bota uma \u2018enchedeira\u2019. Sabe o que \u00e9 uma \u2018enchedeira\u2019? Uma retroescavadeira, bota e leva tudo para a vala\u201d, disse.<\/p>\n<p>Ele lamentava que o ex-mandat\u00e1rio n\u00e3o teria atendido \u201cnenhum governador que votou contra ele\u201d durante seu mandato e tamb\u00e9m a\u00a0atua\u00e7\u00e3o de Bolsonaro\u00a0durante o per\u00edodo da pandemia da Covid-19.<\/p>\n<p>\u201cN\u00e3o entregue seu voto a um deputado federal, deputado estadual ou um prefeito que tiver fazendo aqui, pega teu voto, vem aqui, conversa, e l\u00e1 vota contra a gente. Quem votou no outro presidente, votou contra o povo brasileiro. De olho, de olho, rejeite o apoio de quem trouxer dinheiro e depois trair a gente com esse voto, sabe? Triste na hist\u00f3ria da gente\u201d, completou o governador.<\/p>\n<p>Nesta segunda-feira (5), Jer\u00f4nimo foi questionado por jornalistas sobre a repercuss\u00e3o do assunto e disse que a fala foi \u201cdescontextualizada\u201d.<\/p>\n<p>\u201cSe o termo \u2018vala\u2019 foi pejorativo, o governador tem toda humildade para dizer: desculpem pelo termo, mas n\u00e3o houve a inten\u00e7\u00e3o nenhuma de desejar a morte de ningu\u00e9m, nem de querer matar ningu\u00e9m. Isso est\u00e1 longe da minha atitude, da minha e do meu grupo. Ent\u00e3o se algu\u00e9m se utilizou disso para querer colocar, em minha boca, palavra de ira, de revolta, n\u00e3o vai conseguir porque eu tenho a plena certeza e clareza da minha responsabilidade. A palavra de um governador pesa, por isso que eu estou dizendo do termo pejorativo da for\u00e7a da express\u00e3o\u201d, afirmou.<\/p>\n<p><strong>CONNECTA OESTE CONECTANDO VOC\u00ca A INFORMA\u00c7\u00c3O!<\/strong><\/p>\n<p>&nbsp;<\/p>\n","protected":false},"excerpt":{"rendered":"<p>O governador da Bahia, Jer\u00f4nimo Rodrigues (PT), sugeriu, em discurso durante uma agenda no munic\u00edpio de Jo\u00e3o Dourado, na \u00faltima sexta-feira (2), que o ex-presidente Jair Bolsonaro (PL) e seus eleitores fossem levados \u201cpara a vala\u201d. \u201cTivemos um presidente que sorria daqueles que estavam na pandemia, sentindo falta de ar. Ele vai pagar essa conta [&hellip;]<\/p>\n","protected":false},"author":1,"featured_media":1456,"comment_status":"open","ping_status":"open","sticky":false,"template":"","format":"standard","meta":{"footnotes":""},"categories":[7,8,5,1,44],"tags":[],"class_list":["post-1452","post","type-post","status-publish","format-standard","has-post-thumbnail","hentry","category-bahia","category-brasil","category-noticias","category-politica","category-salvador"],"_links":{"self":[{"href":"https:\/\/connectaoeste.com.br\/index.php\/wp-json\/wp\/v2\/posts\/1452","targetHints":{"allow":["GET"]}}],"collection":[{"href":"https:\/\/connectaoeste.com.br\/index.php\/wp-json\/wp\/v2\/posts"}],"about":[{"href":"https:\/\/connectaoeste.com.br\/index.php\/wp-json\/wp\/v2\/types\/post"}],"author":[{"embeddable":true,"href":"https:\/\/connectaoeste.com.br\/index.php\/wp-json\/wp\/v2\/users\/1"}],"replies":[{"embeddable":true,"href":"https:\/\/connectaoeste.com.br\/index.php\/wp-json\/wp\/v2\/comments?post=1452"}],"version-history":[{"count":2,"href":"https:\/\/connectaoeste.com.br\/index.php\/wp-json\/wp\/v2\/posts\/1452\/revisions"}],"predecessor-version":[{"id":1458,"href":"https:\/\/connectaoeste.com.br\/index.php\/wp-json\/wp\/v2\/posts\/1452\/revisions\/1458"}],"wp:featuredmedia":[{"embeddable":true,"href":"https:\/\/connectaoeste.com.br\/index.php\/wp-json\/wp\/v2\/media\/1456"}],"wp:attachment":[{"href":"https:\/\/connectaoeste.com.br\/index.php\/wp-json\/wp\/v2\/media?parent=1452"}],"wp:term":[{"taxonomy":"category","embeddable":true,"href":"https:\/\/connectaoeste.com.br\/index.php\/wp-json\/wp\/v2\/categories?post=1452"},{"taxonomy":"post_tag","embeddable":true,"href":"https:\/\/connectaoeste.com.br\/index.php\/wp-json\/wp\/v2\/tags?post=1452"}],"curies":[{"name":"wp","href":"https:\/\/api.w.org\/{rel}","templated":true}]}}