{"id":1459,"date":"2025-05-07T12:13:32","date_gmt":"2025-05-07T15:13:32","guid":{"rendered":"https:\/\/connectaoeste.com.br\/?p=1459"},"modified":"2025-06-05T09:54:21","modified_gmt":"2025-06-05T12:54:21","slug":"aumento-no-preco-do-gas-de-cozinha-impacta-consumidores-em-varios-estados-do-brasil","status":"publish","type":"post","link":"https:\/\/connectaoeste.com.br\/index.php\/2025\/05\/07\/aumento-no-preco-do-gas-de-cozinha-impacta-consumidores-em-varios-estados-do-brasil\/","title":{"rendered":"Aumento no pre\u00e7o do g\u00e1s de cozinha impacta consumidores em v\u00e1rios estados do Brasil."},"content":{"rendered":"<p><!--StartFragment --><\/p>\n<p>A partir desta <strong>quarta-feira (7)<\/strong>, o pre\u00e7o do <strong>botij\u00e3o de g\u00e1s de 13 kg<\/strong> sofrer\u00e1 um reajuste de <strong>R$ 4<\/strong> em diversos estados brasileiros. O aumento ocorre devido a um repasse das distribuidoras, que enfrentam sucessivos reajustes nos custos de compra do <strong>G\u00e1s Liquefeito de Petr\u00f3leo (GLP)<\/strong>.<\/p>\n<p>No <strong>Rio Grande do Norte<\/strong>, por exemplo, o pre\u00e7o m\u00e9dio do botij\u00e3o, que atualmente gira em torno de <strong>R$ 115<\/strong>, poder\u00e1 chegar a <strong>R$ 120<\/strong>. Segundo o <strong>Sindicato dos Revendedores de G\u00e1s Liquefeito de Petr\u00f3leo do estado (Sing\u00e1s)<\/strong>, o reajuste come\u00e7ou a ser aplicado pelas distribuidoras na ter\u00e7a-feira (6), mas s\u00f3 ser\u00e1 sentido pelos consumidores a partir de hoje.<\/p>\n<p>Al\u00e9m do aumento no RN, outros estados tamb\u00e9m enfrentam reajustes significativos. Em algumas regi\u00f5es, o impacto pode ser ainda maior devido \u00e0 <strong>mudan\u00e7a na tributa\u00e7\u00e3o do ICMS<\/strong>, que passou a ser cobrada por uma al\u00edquota \u00fanica v\u00e1lida para todo o Brasil. No <strong>Mato Grosso do Sul<\/strong>, por exemplo, o aumento pode chegar a <strong>84,5%<\/strong>, enquanto na <strong>Bahia<\/strong> o reajuste ser\u00e1 de <strong>77,3%<\/strong>.<\/p>\n<p>O aumento no pre\u00e7o do g\u00e1s de cozinha preocupa consumidores, que j\u00e1 enfrentam desafios com o custo de vida elevado. Especialistas recomendam que os consumidores pesquisem pre\u00e7os entre diferentes revendedores e busquem alternativas para economizar no consumo do g\u00e1s.<\/p>\n<p><!--EndFragment --><\/p>\n<p><strong>CONNECTA OESTE CONECTANDO VOC\u00ca A INFORMA\u00c7\u00c3O!<\/strong><\/p>\n","protected":false},"excerpt":{"rendered":"<p>A partir desta quarta-feira (7), o pre\u00e7o do botij\u00e3o de g\u00e1s de 13 kg sofrer\u00e1 um reajuste de R$ 4 em diversos estados brasileiros. O aumento ocorre devido a um repasse das distribuidoras, que enfrentam sucessivos reajustes nos custos de compra do G\u00e1s Liquefeito de Petr\u00f3leo (GLP). No Rio Grande do Norte, por exemplo, o [&hellip;]<\/p>\n","protected":false},"author":1,"featured_media":1460,"comment_status":"open","ping_status":"open","sticky":false,"template":"","format":"standard","meta":{"footnotes":""},"categories":[7,8,83,5,1],"tags":[],"class_list":["post-1459","post","type-post","status-publish","format-standard","has-post-thumbnail","hentry","category-bahia","category-brasil","category-imposto","category-noticias","category-politica"],"_links":{"self":[{"href":"https:\/\/connectaoeste.com.br\/index.php\/wp-json\/wp\/v2\/posts\/1459","targetHints":{"allow":["GET"]}}],"collection":[{"href":"https:\/\/connectaoeste.com.br\/index.php\/wp-json\/wp\/v2\/posts"}],"about":[{"href":"https:\/\/connectaoeste.com.br\/index.php\/wp-json\/wp\/v2\/types\/post"}],"author":[{"embeddable":true,"href":"https:\/\/connectaoeste.com.br\/index.php\/wp-json\/wp\/v2\/users\/1"}],"replies":[{"embeddable":true,"href":"https:\/\/connectaoeste.com.br\/index.php\/wp-json\/wp\/v2\/comments?post=1459"}],"version-history":[{"count":1,"href":"https:\/\/connectaoeste.com.br\/index.php\/wp-json\/wp\/v2\/posts\/1459\/revisions"}],"predecessor-version":[{"id":1461,"href":"https:\/\/connectaoeste.com.br\/index.php\/wp-json\/wp\/v2\/posts\/1459\/revisions\/1461"}],"wp:featuredmedia":[{"embeddable":true,"href":"https:\/\/connectaoeste.com.br\/index.php\/wp-json\/wp\/v2\/media\/1460"}],"wp:attachment":[{"href":"https:\/\/connectaoeste.com.br\/index.php\/wp-json\/wp\/v2\/media?parent=1459"}],"wp:term":[{"taxonomy":"category","embeddable":true,"href":"https:\/\/connectaoeste.com.br\/index.php\/wp-json\/wp\/v2\/categories?post=1459"},{"taxonomy":"post_tag","embeddable":true,"href":"https:\/\/connectaoeste.com.br\/index.php\/wp-json\/wp\/v2\/tags?post=1459"}],"curies":[{"name":"wp","href":"https:\/\/api.w.org\/{rel}","templated":true}]}}