{"id":1462,"date":"2025-05-08T15:28:28","date_gmt":"2025-05-08T18:28:28","guid":{"rendered":"https:\/\/connectaoeste.com.br\/?p=1462"},"modified":"2025-06-05T09:49:26","modified_gmt":"2025-06-05T12:49:26","slug":"robert-francis-prevost-e-o-novo-papa-e-escolhe-o-nome-leao-xiv","status":"publish","type":"post","link":"https:\/\/connectaoeste.com.br\/index.php\/2025\/05\/08\/robert-francis-prevost-e-o-novo-papa-e-escolhe-o-nome-leao-xiv\/","title":{"rendered":"Robert Francis Prevost \u00e9 o novo papa e escolhe o nome Le\u00e3o XIV"},"content":{"rendered":"<h2 class=\"content-head__subtitle\">Pr\u00f3ximo do papa Francisco, Prevost, de 69 anos, \u00e9 o 1\u00ba pont\u00edfice dos Estados Unidos na hist\u00f3ria da Igreja Cat\u00f3lica. Anunciado ap\u00f3s a fuma\u00e7a branca indicar a escolha do papa, ele falou de paz e agradeceu seu antecessor em discurso inaugural.<\/h2>\n<div id=\"chunk-8ifgc\">\n<div class=\"mc-column content-text active-extra-styles \" data-block-type=\"unstyled\" data-block-weight=\"13\" data-block-id=\"2\">\n<p class=\" content-text__container \" data-track-category=\"Link no Texto\" data-track-links=\"\" data-mrf-recirculation=\"Mat\u00e9ria - Links no Texto\">O cardeal dos Estados Unidos Robert Francis Prevost \u00e9 o novo papa.<\/p>\n<\/div>\n<\/div>\n<div class=\"wall protected-content\">\n<div id=\"chunk-5p9ol\">\n<div class=\"mc-column content-text active-extra-styles \" data-block-type=\"unstyled\" data-block-weight=\"36\" data-block-id=\"4\">\n<p class=\" content-text__container \" data-track-category=\"Link no Texto\" data-track-links=\"\" data-mrf-recirculation=\"Mat\u00e9ria - Links no Texto\">A escolha de Prevost, de 69 anos,\u00a0foi anunciada nesta quinta-feira (8) pelo Vaticano, ap\u00f3s a fuma\u00e7a branca ser expelida da Capela Sistina, indicando que os 133 cardeais isolados no conclave elegeram o novo pont\u00edfice.<\/p>\n<p data-track-category=\"Link no Texto\" data-track-links=\"\" data-mrf-recirculation=\"Mat\u00e9ria - Links no Texto\">De perfil progressista e pr\u00f3ximo a Francisco, o novo papa apareceu na sacada da Bas\u00edlica de S\u00e3o Pedro depois de ser anunciado, em latim, pelo cardeal Dominique Mamberti. Ele abriu seu primeiro discurso falando de paz:<\/p>\n<div id=\"chunk-9qe17\">\n<div class=\"mc-column content-text active-extra-styles \" data-block-type=\"unstyled\" data-block-weight=\"36\" data-block-id=\"8\">\n<p class=\" content-text__container \" data-track-category=\"Link no Texto\" data-track-links=\"\" data-mrf-recirculation=\"Mat\u00e9ria - Links no Texto\"><strong><span class=\"highlight highlighted\">&#8220;A paz esteja com todos voc\u00eas. Esta \u00e9 a primeira sauda\u00e7\u00e3o do Cristo ressucitado. Eu tamb\u00e9m gostaria que essa sauda\u00e7\u00e3o de paz entrasse no cora\u00e7\u00e3o de voc\u00eas&#8221;, disse o novo pont\u00edfice em seu primeiro discurso.<\/span><\/strong><\/p>\n<\/div>\n<\/div>\n<div id=\"chunk-eopsu\">\n<div class=\"mc-column content-text active-extra-styles \" data-block-type=\"unstyled\" data-block-weight=\"49\" data-block-id=\"9\">\n<p class=\" content-text__container \" data-track-category=\"Link no Texto\" data-track-links=\"\" data-mrf-recirculation=\"Mat\u00e9ria - Links no Texto\">Primeiro papa norte-americano\u00a0da hist\u00f3ria, Prevost, que havia se tornado cardeal h\u00e1 apenas dois anos, liderar\u00e1 a Igreja Cat\u00f3lica em um momento de perda gradual de fi\u00e9is e ter\u00e1 de fazer frente \u00e0 alta popularidade do papa Francisco, al\u00e9m de responder se seguir\u00e1 a agenda reformista de seu antecessor.<\/p>\n<div id=\"chunk-5ui07\">\n<div class=\"mc-column content-text active-extra-styles \" data-block-type=\"unstyled\" data-block-weight=\"44\" data-block-id=\"13\">\n<p class=\" content-text__container \" data-track-category=\"Link no Texto\" data-track-links=\"\" data-mrf-recirculation=\"Mat\u00e9ria - Links no Texto\"><strong><span class=\"highlight highlighted\">Nascido em Chicago, Prevost construiu sua carreria eclesi\u00e1stica no Peru<\/span><\/strong><strong>\u00a0<\/strong>\u2014 em seu discurso, inclusive fez uma mensagem em espanhol agradecendo \u00e0 Diocese do pa\u00eds latino-americano.\u00a0<strong><span class=\"highlight highlighted\">Foi a primeira vez que um papa falou em outro idioma al\u00e9m do italiano no discurso inaugural.<\/span><\/strong><\/p>\n<\/div>\n<\/div>\n<div id=\"chunk-6f0a9\">\n<div class=\"mc-column content-text active-extra-styles \" data-block-type=\"unstyled\" data-block-weight=\"41\" data-block-id=\"14\">\n<p class=\" content-text__container \" data-track-category=\"Link no Texto\" data-track-links=\"\" data-mrf-recirculation=\"Mat\u00e9ria - Links no Texto\"><strong><span class=\"highlight highlighted\">Ele tamb\u00e9m e \u00e9 considerado pr\u00f3ximo a Francisco<\/span><\/strong>, que o promoveu a cardeal em 2023, indicando que o conclave seguiu a tend\u00eancia de que deveriam escolher um nome de continuidade e perfil pragm\u00e1tico. Prevost \u00e9\u00a0<strong>tamb\u00e9m considerado discreto e conciliat\u00f3rio<\/strong>.<\/p>\n<\/div>\n<\/div>\n<div id=\"chunk-f38rg\">\n<div class=\"mc-column content-text active-extra-styles \" data-block-type=\"unstyled\" data-block-weight=\"19\" data-block-id=\"15\">\n<p class=\" content-text__container \" data-track-category=\"Link no Texto\" data-track-links=\"\" data-mrf-recirculation=\"Mat\u00e9ria - Links no Texto\">Ele fez men\u00e7\u00e3o ao antecessor em seu primeiro discurso nesta quinta. &#8220;Obrigado, papa Francisco&#8221;, disse o novo papa.<\/p>\n<div id=\"chunk-98kqt\">\n<div class=\"mc-column content-text active-extra-styles \" data-block-type=\"unstyled\" data-block-weight=\"37\" data-block-id=\"17\">\n<p class=\" content-text__container \" data-track-category=\"Link no Texto\" data-track-links=\"\" data-mrf-recirculation=\"Mat\u00e9ria - Links no Texto\"><strong><span class=\"highlight highlighted\">O tradicional an\u00fancio de &#8220;habemus papam&#8221; ocorreu pouco mais ap\u00f3s a fuma\u00e7a branca sair da chamin\u00e9 da Capela Sistina<\/span><\/strong>\u2014 nos dois \u00faltimos conclaves, em 2005 e 2013, os an\u00fancios demoraram entre 1h e 2h ap\u00f3s o sinal.<\/p>\n<\/div>\n<\/div>\n<div id=\"chunk-4dopj\">\n<div class=\"mc-column content-text active-extra-styles \" data-block-type=\"unstyled\" data-block-weight=\"17\" data-block-id=\"18\">\n<p class=\" content-text__container \" data-track-category=\"Link no Texto\" data-track-links=\"\" data-mrf-recirculation=\"Mat\u00e9ria - Links no Texto\">Minutos apos a fuma\u00e7a branca, o\u00a0Vaticano\u00a0afirmou tamb\u00e9m que o\u00a0<strong><span class=\"highlight highlighted\">novo pont\u00edfice &#8220;aparecer\u00e1 em breve&#8221;<\/span><\/strong>.<\/p>\n<p data-track-category=\"Link no Texto\" data-track-links=\"\" data-mrf-recirculation=\"Mat\u00e9ria - Links no Texto\"><img decoding=\"async\" src=\"https:\/\/s2-g1.glbimg.com\/im9V8IOhnWSiCyAprV2mWnnvuLM=\/0x0:1904x965\/984x0\/smart\/filters:strip_icc()\/i.s3.glbimg.com\/v1\/AUTH_59edd422c0c84a879bd37670ae4f538a\/internal_photos\/bs\/2025\/a\/l\/uBxCO5RXal4X8yTILdDA\/fumaca-branca.jpg\" alt=\"Fuma\u00e7a branca \u2014 Foto: Reprodu\u00e7\u00e3o\" \/><\/p>\n<\/div>\n<p data-track-category=\"Link no Texto\" data-track-links=\"\" data-mrf-recirculation=\"Mat\u00e9ria - Links no Texto\"><strong>CONNECTA OESTE CONECTANDO VOC\u00ca A INFORMA\u00c7\u00c3O!<\/strong><\/p>\n<\/div>\n<\/div>\n<\/div>\n<\/div>\n<\/div>\n<\/div>\n<\/div>\n<\/div>\n","protected":false},"excerpt":{"rendered":"<p>Pr\u00f3ximo do papa Francisco, Prevost, de 69 anos, \u00e9 o 1\u00ba pont\u00edfice dos Estados Unidos na hist\u00f3ria da Igreja Cat\u00f3lica. Anunciado ap\u00f3s a fuma\u00e7a branca indicar a escolha do papa, ele falou de paz e agradeceu seu antecessor em discurso inaugural. O cardeal dos Estados Unidos Robert Francis Prevost \u00e9 o novo papa. A escolha [&hellip;]<\/p>\n","protected":false},"author":1,"featured_media":1463,"comment_status":"open","ping_status":"open","sticky":false,"template":"","format":"standard","meta":{"footnotes":""},"categories":[9,5,68],"tags":[],"class_list":["post-1462","post","type-post","status-publish","format-standard","has-post-thumbnail","hentry","category-mundo","category-noticias","category-religiosidade"],"_links":{"self":[{"href":"https:\/\/connectaoeste.com.br\/index.php\/wp-json\/wp\/v2\/posts\/1462","targetHints":{"allow":["GET"]}}],"collection":[{"href":"https:\/\/connectaoeste.com.br\/index.php\/wp-json\/wp\/v2\/posts"}],"about":[{"href":"https:\/\/connectaoeste.com.br\/index.php\/wp-json\/wp\/v2\/types\/post"}],"author":[{"embeddable":true,"href":"https:\/\/connectaoeste.com.br\/index.php\/wp-json\/wp\/v2\/users\/1"}],"replies":[{"embeddable":true,"href":"https:\/\/connectaoeste.com.br\/index.php\/wp-json\/wp\/v2\/comments?post=1462"}],"version-history":[{"count":4,"href":"https:\/\/connectaoeste.com.br\/index.php\/wp-json\/wp\/v2\/posts\/1462\/revisions"}],"predecessor-version":[{"id":1532,"href":"https:\/\/connectaoeste.com.br\/index.php\/wp-json\/wp\/v2\/posts\/1462\/revisions\/1532"}],"wp:featuredmedia":[{"embeddable":true,"href":"https:\/\/connectaoeste.com.br\/index.php\/wp-json\/wp\/v2\/media\/1463"}],"wp:attachment":[{"href":"https:\/\/connectaoeste.com.br\/index.php\/wp-json\/wp\/v2\/media?parent=1462"}],"wp:term":[{"taxonomy":"category","embeddable":true,"href":"https:\/\/connectaoeste.com.br\/index.php\/wp-json\/wp\/v2\/categories?post=1462"},{"taxonomy":"post_tag","embeddable":true,"href":"https:\/\/connectaoeste.com.br\/index.php\/wp-json\/wp\/v2\/tags?post=1462"}],"curies":[{"name":"wp","href":"https:\/\/api.w.org\/{rel}","templated":true}]}}