{"id":1467,"date":"2025-05-12T15:49:53","date_gmt":"2025-05-12T18:49:53","guid":{"rendered":"https:\/\/connectaoeste.com.br\/?p=1467"},"modified":"2025-06-05T09:51:46","modified_gmt":"2025-06-05T12:51:46","slug":"carlo-ancelotti-e-o-novo-tecnico-da-selecao-brasileira","status":"publish","type":"post","link":"https:\/\/connectaoeste.com.br\/index.php\/2025\/05\/12\/carlo-ancelotti-e-o-novo-tecnico-da-selecao-brasileira\/","title":{"rendered":"Carlo Ancelotti \u00e9 o novo t\u00e9cnico da sele\u00e7\u00e3o brasileira."},"content":{"rendered":"<p>A frase escrita e apagada diversas vezes no espa\u00e7o de dois anos pode, enfim, ser publicada:\u00a0<strong>Carlo Ancelotti<\/strong>\u00a0\u00e9, oficialmente, o novo t\u00e9cnico da\u00a0<strong>sele\u00e7\u00e3o brasileira<\/strong>.<\/p>\n<p>O italiano de 65 anos, com passagens por alguns dos maiores clubes do mundo, foi anunciado pela CBF nesta segunda-feira (12). O comandante encerra uma passagem vitoriosa no comando do\u00a0<strong>Real Madrid<\/strong>, onde trabalhava desde julho de 2021.<\/p>\n<p>Ancelotti assinou contrato at\u00e9 o fim da\u00a0<strong>Copa do Mundo<\/strong>\u00a0de 2026.<\/p>\n<p>O italiano far\u00e1 sua estreia na pr\u00f3xima Data Fifa. O Brasil enfrenta\u00a0<strong>Equador<\/strong>, fora, e\u00a0<strong>Paraguai<\/strong>, em casa, pelas\u00a0<strong>eliminat\u00f3rias<\/strong>; a equipe, vale lembrar, ainda n\u00e3o tem vaga assegurada no pr\u00f3ximo Mundial.<\/p>\n<h2>Veja abaixo o an\u00fancio da sele\u00e7\u00e3o brasileira:<\/h2>\n<p><em>A maior Sele\u00e7\u00e3o da hist\u00f3ria do futebol agora ser\u00e1 liderada pelo t\u00e9cnico mais vitorioso do mundo. Carlo Ancelotti, sin\u00f4nimo de conquistas hist\u00f3ricas, foi anunciado nesta segunda-feira (12) pelo presidente da CBF, Ednaldo Rodrigues, como o novo t\u00e9cnico da Sele\u00e7\u00e3o Brasileira. Ele vai comandar o Brasil at\u00e9 a Copa do Mundo de 2026 e j\u00e1 treinar\u00e1 a Amarelinha nos dois pr\u00f3ximos jogos pelas Eliminat\u00f3rias diante do Equador e Paraguai, no pr\u00f3ximo m\u00eas.<\/em><\/p>\n<p><em>\u201cTrazer Carlo Ancelotti para comandar o Brasil \u00e9 mais do que um movimento estrat\u00e9gico. \u00c9 uma declara\u00e7\u00e3o ao mundo de que estamos determinados a recuperar o lugar mais alto do p\u00f3dio. Ele \u00e9 o maior t\u00e9cnico da hist\u00f3ria e, agora, est\u00e1 \u00e0 frente da maior sele\u00e7\u00e3o do planeta. Juntos, escreveremos novos cap\u00edtulos gloriosos do futebol brasileiro,\u201d afirmou Ednaldo Rodrigues, presidente da CBF.<\/em><\/p>\n<p><em>Uma lenda \u00e0 altura da Canarinho Carlo Ancelotti n\u00e3o precisa de apresenta\u00e7\u00f5es. Maior vencedor da Champions League, com cinco t\u00edtulos, e \u00fanico treinador a conquistar as cinco principais ligas europeias, o italiano acumula passagens triunfais por gigantes como Milan, Real Madrid, Chelsea, PSG e Bayern de Munique.<\/em><\/p>\n<p><em>Al\u00e9m de sua brilhante carreira como t\u00e9cnico, Ancelotti foi um craque dentro das quatro linhas. Um meio-campista de intelig\u00eancia rara, ele brilhou por clubes como Parma, Roma e Milan, conquistando duas Champions League como jogador. Seu cap\u00edtulo final como atleta foi especial: um amistoso contra a pr\u00f3pria Sele\u00e7\u00e3o Brasileira, em 1992. Trinta anos depois, o \u00edcone retorna para fazer hist\u00f3ria com a Amarelinha.<\/em><\/p>\n<p><em>O in\u00edcio de uma nova era<\/em><\/p>\n<p><em>Dono de cinco estrelas em sua gloriosa camisa, o Brasil une agora sua tradi\u00e7\u00e3o incompar\u00e1vel ao maior treinador de todos os tempos. Ancelotti come\u00e7a sua miss\u00e3o j\u00e1 na pr\u00f3xima semana. Ele se reunir\u00e1 com Rodrigo Caetano, coordenador geral das Sele\u00e7\u00f5es Masculinas, e Juan, coordenador t\u00e9cnico, para definir a lista larga de convocados para os confrontos contra Equador e Paraguai, no pr\u00f3ximo m\u00eas, nas Eliminat\u00f3rias da Copa do Mundo. No dia 26, no Brasil, o t\u00e9cnico anunciar\u00e1 os escolhidos.<\/em><\/p>\n<p><em>\u201cO impacto de Ancelotti vai al\u00e9m de resultados; ele \u00e9 um estrategista que transforma equipes em lendas. O Brasil, com sua tradi\u00e7\u00e3o \u00fanica, e Ancelotti, com sua vis\u00e3o revolucion\u00e1ria, formar\u00e3o uma parceria que vai entrar para a hist\u00f3ria\u201d, completou Ednaldo Rodrigues.<\/em><\/p>\n<p><em>Com a chegada de Carlo Ancelotti, o Brasil segue no caminho da excel\u00eancia no futebol. Sob sua lideran\u00e7a, a Sele\u00e7\u00e3o reafirma seu compromisso com a grandeza e o desejo inabal\u00e1vel de conquistar o hexacampeonato.<\/em><\/p>\n<p>Sua chegada interrompe um per\u00edodo de pouco mais de um m\u00eas da sele\u00e7\u00e3o sem t\u00e9cnico, desde\u00a0<strong>a demiss\u00e3o de Dorival J\u00fanior, em 28 de mar\u00e7o, logo ap\u00f3s goleada para a Argentina<\/strong>.<\/p>\n<p>Mais ainda: Ancelotti quebra uma escrita de quase 60 anos sem um estrangeiro na equipe nacional.<\/p>\n<p>O \u00faltimo foi\u00a0<strong>Filpo N\u00fa\u00f1ez<\/strong>, argentino que comandou o Brasil em um amistoso contra o\u00a0<strong>Uruguai<\/strong>, no Mineir\u00e3o, quando a sele\u00e7\u00e3o foi representada por atletas do\u00a0<strong>Palmeiras<\/strong>. Antes dele, tamb\u00e9m tiveram tal privil\u00e9gio o uruguaio\u00a0<strong>Ram\u00f3n Platero<\/strong>\u00a0(1925) e o portugu\u00eas\u00a0<strong>Joreca<\/strong>\u00a0(1944).<\/p>\n<h2>Flerte antigo<\/h2>\n<p>O nome de Carlo Ancelotti era o preferido do presidente Ednaldo Rodrigues h\u00e1 pelo menos dois anos, desde meados de 2023, quando a CBF ainda tinha d\u00favidas sobre quem contratar para a vaga de Tite.<\/p>\n<p>Fernando Diniz foi contratado de maneira interina, para dividir a sele\u00e7\u00e3o com o\u00a0<strong>Fluminense<\/strong>, quando chegou-se at\u00e9 mesmo a anunciar um acordo para que o italiano dirigisse o Brasil na\u00a0<strong>Copa Am\u00e9rica<\/strong>\u00a0de 2024.<\/p>\n<p>O t\u00edtulo da\u00a0<strong>Champions League<\/strong>\u00a0pelos merengues, por\u00e9m, garantiu a renova\u00e7\u00e3o de Ancelotti com o clube e deixou a CBF exposta. Diniz saiu, Dorival J\u00fanior foi contratado, mas os resultados n\u00e3o ajudaram o novo comandante a se estabelecer.<\/p>\n<p>Somado a isso, a elimina\u00e7\u00e3o do Real Madrid na Liga dos Campe\u00f5es e a perda de terreno na briga com o\u00a0<strong>Barcelona<\/strong>\u00a0pelo t\u00edtulo espanhol deixaram Ancelotti em condi\u00e7\u00e3o de inseguran\u00e7a no clube, que via a troca de comiss\u00e3o t\u00e9cnica como parte importante da renova\u00e7\u00e3o.<\/p>\n<p>Neste cen\u00e1rio, a CBF \u2013 que j\u00e1 trabalhava com o nome do portugu\u00eas Jorge Jesus para substituir Dorival \u2013 viu o antigo alvo ficar de repente dispon\u00edvel e retomou as conversas at\u00e9 o acerto final. O Real Madrid imp\u00f4s poucos obst\u00e1culos, at\u00e9 por j\u00e1 ter\u00a0<strong>Xabi Alonso<\/strong>, ex-<strong>Bayer Leverkusen<\/strong>, como substituto.<\/p>\n<h2>Carreira de Ancelotti<\/h2>\n<p>Meio-campista de boa t\u00e9cnica, Ancelotti aposentou-se em 1992 e imediatamente assumiu o cargo de auxiliar-t\u00e9cnico da sele\u00e7\u00e3o da\u00a0<strong>It\u00e1lia<\/strong>. Fez parte da equipe que levou o pa\u00eds ao vice-campeonato da Copa do Mundo de 1994, nos Estados Unidos, em derrota nos p\u00eanaltis para o Brasil na final.<\/p>\n<p>O primeiro trabalho como treinador principal foi na Reggiana, em 1995. Assumiu o\u00a0<strong>Parma<\/strong>\u00a0no ano seguinte, mudou-se para a\u00a0<strong>Juventus<\/strong>\u00a0em 1999 at\u00e9 iniciar, em 2001, possivelmente o ciclo mais marcante da carreira.<\/p>\n<p>Entre 2001 e 2009, Ancelotti comandou uma era muito vitoriosa no\u00a0<strong>Milan<\/strong>. Levou o clube a tr\u00eas finais de Champions, ganhou duas e teve a capacidade de transformar grandes estrelas em um belo time. Naquele Milan, o italiano teve Dida, Cafu, Nesta, Maldini, Pirlo, Seedorf, Rui Costa, Rivaldo, Shevchenko, Crespo e, sobretudo, Kak\u00e1, a quem fez o melhor jogador do mundo em 2007.<\/p>\n<p>A carreira de Ancelotti seguiu por imensas equipes, como\u00a0<strong>Chelsea<\/strong>\u00a0e\u00a0<strong>PSG<\/strong>, at\u00e9 chegar ao Real Madrid em 2013, com o objetivo de levantar a t\u00e3o sonhada\u00a0<i>La D\u00e9cima<\/i>, maneira que os espanh\u00f3is chamavam o 10\u00ba t\u00edtulo da Liga dos Campe\u00f5es. Atingiu o feito logo na primeira temporada, em final \u00e9pica contra o\u00a0<strong>Atl\u00e9tico de Madrid<\/strong>\u00a0lembrada at\u00e9 hoje pelo gol tardio de Sergio Ramos.<\/p>\n<p>Ancelotti deixou o Real Madrid em 2015, assumiu o\u00a0<strong>Bayern de Munique<\/strong>\u00a0para uma passagem de pouco brilho, depois dirigiu\u00a0<strong>Napoli<\/strong>\u00a0e\u00a0<strong>Everton<\/strong>. Quando parecia estar na descendente da carreira, recebeu o convite para retornar ao Santiago Bernab\u00e9u em 2021.<\/p>\n<p>Pelas m\u00e3os do italiano, o Real conquistou mais duas vezes a Champions League e venceu todos os t\u00edtulos poss\u00edveis, o que fez de Ancelotti o t\u00e9cnico mais vencedor da hist\u00f3ria do clube.<\/p>\n<p>Agora, ele ganha a chance de dirigir a maior sele\u00e7\u00e3o do planeta e acabar com um jejum de 24 anos sem ganhar uma Copa (a \u00faltima foi 2002).<\/p>\n<p><strong>CONNECTA OESTE CONECTANDO VOC\u00ca A INFORMA\u00c7\u00c3O!<\/strong><\/p>\n","protected":false},"excerpt":{"rendered":"<p>A frase escrita e apagada diversas vezes no espa\u00e7o de dois anos pode, enfim, ser publicada:\u00a0Carlo Ancelotti\u00a0\u00e9, oficialmente, o novo t\u00e9cnico da\u00a0sele\u00e7\u00e3o brasileira. O italiano de 65 anos, com passagens por alguns dos maiores clubes do mundo, foi anunciado pela CBF nesta segunda-feira (12). O comandante encerra uma passagem vitoriosa no comando do\u00a0Real Madrid, onde [&hellip;]<\/p>\n","protected":false},"author":1,"featured_media":1468,"comment_status":"open","ping_status":"open","sticky":false,"template":"","format":"standard","meta":{"footnotes":""},"categories":[8,6,9,5],"tags":[],"class_list":["post-1467","post","type-post","status-publish","format-standard","has-post-thumbnail","hentry","category-brasil","category-esportes","category-mundo","category-noticias"],"_links":{"self":[{"href":"https:\/\/connectaoeste.com.br\/index.php\/wp-json\/wp\/v2\/posts\/1467","targetHints":{"allow":["GET"]}}],"collection":[{"href":"https:\/\/connectaoeste.com.br\/index.php\/wp-json\/wp\/v2\/posts"}],"about":[{"href":"https:\/\/connectaoeste.com.br\/index.php\/wp-json\/wp\/v2\/types\/post"}],"author":[{"embeddable":true,"href":"https:\/\/connectaoeste.com.br\/index.php\/wp-json\/wp\/v2\/users\/1"}],"replies":[{"embeddable":true,"href":"https:\/\/connectaoeste.com.br\/index.php\/wp-json\/wp\/v2\/comments?post=1467"}],"version-history":[{"count":1,"href":"https:\/\/connectaoeste.com.br\/index.php\/wp-json\/wp\/v2\/posts\/1467\/revisions"}],"predecessor-version":[{"id":1469,"href":"https:\/\/connectaoeste.com.br\/index.php\/wp-json\/wp\/v2\/posts\/1467\/revisions\/1469"}],"wp:featuredmedia":[{"embeddable":true,"href":"https:\/\/connectaoeste.com.br\/index.php\/wp-json\/wp\/v2\/media\/1468"}],"wp:attachment":[{"href":"https:\/\/connectaoeste.com.br\/index.php\/wp-json\/wp\/v2\/media?parent=1467"}],"wp:term":[{"taxonomy":"category","embeddable":true,"href":"https:\/\/connectaoeste.com.br\/index.php\/wp-json\/wp\/v2\/categories?post=1467"},{"taxonomy":"post_tag","embeddable":true,"href":"https:\/\/connectaoeste.com.br\/index.php\/wp-json\/wp\/v2\/tags?post=1467"}],"curies":[{"name":"wp","href":"https:\/\/api.w.org\/{rel}","templated":true}]}}