{"id":1475,"date":"2025-05-14T18:48:39","date_gmt":"2025-05-14T21:48:39","guid":{"rendered":"https:\/\/connectaoeste.com.br\/?p=1475"},"modified":"2025-06-05T09:54:00","modified_gmt":"2025-06-05T12:54:00","slug":"1o-congresso-de-educacao-fisica-escolar-da-bacia-do-rio-corrente-correntina-esta-junto-nessa-iniciativa-historica","status":"publish","type":"post","link":"https:\/\/connectaoeste.com.br\/index.php\/2025\/05\/14\/1o-congresso-de-educacao-fisica-escolar-da-bacia-do-rio-corrente-correntina-esta-junto-nessa-iniciativa-historica\/","title":{"rendered":"1\u00ba Congresso de Educa\u00e7\u00e3o F\u00edsica Escolar da Bacia do Rio Corrente &#8211; Correntina est\u00e1 junto nessa iniciativa hist\u00f3rica!"},"content":{"rendered":"<p>Correntina est\u00e1 junto nessa iniciativa hist\u00f3rica!<br \/>\nEntre os dias 19 a 23 de maio, a cidade de Correntina se une \u00e0 realiza\u00e7\u00e3o do 1\u00ba Congresso de Educa\u00e7\u00e3o F\u00edsica Escolar da Bacia do Rio Corrente, um evento inovador e transformador para a educa\u00e7\u00e3o, o esporte e a juventude da regi\u00e3o.<br \/>\nEste congresso pioneiro tem como objetivo fortalecer a forma\u00e7\u00e3o dos profissionais de educa\u00e7\u00e3o f\u00edsica, promover a integra\u00e7\u00e3o entre os munic\u00edpios e reafirmar o compromisso com o futuro das novas gera\u00e7\u00f5es. Al\u00e9m das palestras, oficinas e debates, o evento ser\u00e1 um espa\u00e7o de troca de experi\u00eancias e constru\u00e7\u00e3o de pol\u00edticas voltadas \u00e0 valoriza\u00e7\u00e3o do esporte como ferramenta educacional.<br \/>\nA presen\u00e7a do Prefeito Mariano refor\u00e7a a import\u00e2ncia dessa iniciativa, evidenciando o apoio do poder p\u00fablico ao desenvolvimento educacional e esportivo da Bacia do Rio Corrente.<br \/>\nCorrentina est\u00e1 fazendo hist\u00f3ria ao participar ativamente deste movimento que visa fortalecer a educa\u00e7\u00e3o f\u00edsica escolar e contribuir para o futuro dos estudantes da regi\u00e3o. O evento promete ser um marco na constru\u00e7\u00e3o de uma educa\u00e7\u00e3o mais integrada e inclusiva.<\/p>\n<p><strong>CONFIRA O V\u00cdDEO ABAIXO&#8230;<\/strong><\/p>\n<div style=\"width: 480px;\" class=\"wp-video\"><!--[if lt IE 9]><script>document.createElement('video');<\/script><![endif]-->\n<video class=\"wp-video-shortcode\" id=\"video-1475-1\" width=\"480\" height=\"848\" preload=\"metadata\" controls=\"controls\"><source type=\"video\/mp4\" src=\"http:\/\/connectaoeste.com.br\/wp-content\/uploads\/2025\/05\/WhatsApp-Video-2025-05-14-at-18.13.29.mp4?_=1\" \/><a href=\"http:\/\/connectaoeste.com.br\/wp-content\/uploads\/2025\/05\/WhatsApp-Video-2025-05-14-at-18.13.29.mp4\">http:\/\/connectaoeste.com.br\/wp-content\/uploads\/2025\/05\/WhatsApp-Video-2025-05-14-at-18.13.29.mp4<\/a><\/video><\/div>\n<p><strong>Fique ligado no Blog Connecta Oeste para mais informa\u00e7\u00f5es sobre esse congresso que promete transformar o cen\u00e1rio educacional da Bacia do Rio Corrente!<\/strong><\/p>\n","protected":false},"excerpt":{"rendered":"<p>Correntina est\u00e1 junto nessa iniciativa hist\u00f3rica! Entre os dias 19 a 23 de maio, a cidade de Correntina se une \u00e0 realiza\u00e7\u00e3o do 1\u00ba Congresso de Educa\u00e7\u00e3o F\u00edsica Escolar da Bacia do Rio Corrente, um evento inovador e transformador para a educa\u00e7\u00e3o, o esporte e a juventude da regi\u00e3o. Este congresso pioneiro tem como objetivo [&hellip;]<\/p>\n","protected":false},"author":1,"featured_media":1479,"comment_status":"open","ping_status":"open","sticky":false,"template":"","format":"standard","meta":{"footnotes":""},"categories":[7,45,6,5,1],"tags":[],"class_list":["post-1475","post","type-post","status-publish","format-standard","has-post-thumbnail","hentry","category-bahia","category-correntina","category-esportes","category-noticias","category-politica"],"_links":{"self":[{"href":"https:\/\/connectaoeste.com.br\/index.php\/wp-json\/wp\/v2\/posts\/1475","targetHints":{"allow":["GET"]}}],"collection":[{"href":"https:\/\/connectaoeste.com.br\/index.php\/wp-json\/wp\/v2\/posts"}],"about":[{"href":"https:\/\/connectaoeste.com.br\/index.php\/wp-json\/wp\/v2\/types\/post"}],"author":[{"embeddable":true,"href":"https:\/\/connectaoeste.com.br\/index.php\/wp-json\/wp\/v2\/users\/1"}],"replies":[{"embeddable":true,"href":"https:\/\/connectaoeste.com.br\/index.php\/wp-json\/wp\/v2\/comments?post=1475"}],"version-history":[{"count":3,"href":"https:\/\/connectaoeste.com.br\/index.php\/wp-json\/wp\/v2\/posts\/1475\/revisions"}],"predecessor-version":[{"id":1481,"href":"https:\/\/connectaoeste.com.br\/index.php\/wp-json\/wp\/v2\/posts\/1475\/revisions\/1481"}],"wp:featuredmedia":[{"embeddable":true,"href":"https:\/\/connectaoeste.com.br\/index.php\/wp-json\/wp\/v2\/media\/1479"}],"wp:attachment":[{"href":"https:\/\/connectaoeste.com.br\/index.php\/wp-json\/wp\/v2\/media?parent=1475"}],"wp:term":[{"taxonomy":"category","embeddable":true,"href":"https:\/\/connectaoeste.com.br\/index.php\/wp-json\/wp\/v2\/categories?post=1475"},{"taxonomy":"post_tag","embeddable":true,"href":"https:\/\/connectaoeste.com.br\/index.php\/wp-json\/wp\/v2\/tags?post=1475"}],"curies":[{"name":"wp","href":"https:\/\/api.w.org\/{rel}","templated":true}]}}