{"id":1482,"date":"2025-05-16T19:05:59","date_gmt":"2025-05-16T22:05:59","guid":{"rendered":"https:\/\/connectaoeste.com.br\/?p=1482"},"modified":"2025-06-05T09:54:07","modified_gmt":"2025-06-05T12:54:07","slug":"quase-17-mil-aves-morreram-em-granja-por-gripe-aviaria","status":"publish","type":"post","link":"https:\/\/connectaoeste.com.br\/index.php\/2025\/05\/16\/quase-17-mil-aves-morreram-em-granja-por-gripe-aviaria\/","title":{"rendered":"Quase 17 mil aves morreram em granja por gripe avi\u00e1ria."},"content":{"rendered":"<p>A Secretaria de Agricultura e Pecu\u00e1ria do Rio Grande do Sul confirmou a morte de quase 17 mil aves por gripe avi\u00e1ria em uma granja comercial, em Montenegro, na Regi\u00e3o Metropolitana de Porto Alegre.<\/p>\n<p>A informa\u00e7\u00e3o foi repassada em uma coletiva de imprensa na manh\u00e3 desta sexta-feira (16). Este \u00e9 o primeiro caso da doen\u00e7a em granja comercial no Brasil.<\/p>\n<p>Os animais estavam distribu\u00eddos em dois galp\u00f5es. Em um deles, todos morreram. No outro, foi cerca de 80% das aves. As sobreviventes foram abatidas e o local vai passar por limpeza e desinfec\u00e7\u00e3o.<\/p>\n<p>Segundo a secret\u00e1ria, essas aves eram galinhas matrizes, destinadas \u00e0 produ\u00e7\u00e3o de ovos f\u00e9rteis. Ou seja, ovos de material gen\u00e9tico, n\u00e3o ovos para consumo. Os ovos da granja foram enviados para incubat\u00f3rios no Rio Grande do Sul e tamb\u00e9m fora do estado, e est\u00e3o sendo rastreados para serem eliminados.<\/p>\n<p>Al\u00e9m disso, a secretaria disse que est\u00e3o sendo feitas barreiras de desinfec\u00e7\u00e3o em um raio de 3 a 10 quil\u00f4metros de dist\u00e2ncia da granja, em Montenegro.<\/p>\n<p>A barreira \u00e9 dedicada a ve\u00edculos de interesse, como os que carregam carga animal, de ra\u00e7\u00e3o ou de leite, por exemplo. S\u00e3o ve\u00edculos de maior risco, j\u00e1 que fazem contato com propriedades. Ser\u00e3o, em princ\u00edpio, seis barreiras fixas e uma de desvio.<\/p>\n<p>Ainda de acordo com o governo do estado, a granja onde foi registrado o foco cumpre com medidas de bioseguridade, prote\u00e7\u00e3o e desinfec\u00e7\u00e3o.<\/p>\n<p>A origem do ingresso do v\u00edrus no local est\u00e1 sendo investigada, segundo a Secretaria. Algumas possibilidades s\u00e3o de que o v\u00edrus tenha ingressado por meio de aves silvestres, de cal\u00e7ados de pessoas, equipamentos, insumos e at\u00e9 da \u00e1gua.<\/p>\n<p><strong>Fique ligado no Blog Connecta Oeste para mais informa\u00e7\u00f5es!<\/strong><\/p>\n","protected":false},"excerpt":{"rendered":"<p>A Secretaria de Agricultura e Pecu\u00e1ria do Rio Grande do Sul confirmou a morte de quase 17 mil aves por gripe avi\u00e1ria em uma granja comercial, em Montenegro, na Regi\u00e3o Metropolitana de Porto Alegre. A informa\u00e7\u00e3o foi repassada em uma coletiva de imprensa na manh\u00e3 desta sexta-feira (16). Este \u00e9 o primeiro caso da doen\u00e7a [&hellip;]<\/p>\n","protected":false},"author":1,"featured_media":1483,"comment_status":"open","ping_status":"open","sticky":false,"template":"","format":"standard","meta":{"footnotes":""},"categories":[8,5,64],"tags":[],"class_list":["post-1482","post","type-post","status-publish","format-standard","has-post-thumbnail","hentry","category-brasil","category-noticias","category-saude"],"_links":{"self":[{"href":"https:\/\/connectaoeste.com.br\/index.php\/wp-json\/wp\/v2\/posts\/1482","targetHints":{"allow":["GET"]}}],"collection":[{"href":"https:\/\/connectaoeste.com.br\/index.php\/wp-json\/wp\/v2\/posts"}],"about":[{"href":"https:\/\/connectaoeste.com.br\/index.php\/wp-json\/wp\/v2\/types\/post"}],"author":[{"embeddable":true,"href":"https:\/\/connectaoeste.com.br\/index.php\/wp-json\/wp\/v2\/users\/1"}],"replies":[{"embeddable":true,"href":"https:\/\/connectaoeste.com.br\/index.php\/wp-json\/wp\/v2\/comments?post=1482"}],"version-history":[{"count":2,"href":"https:\/\/connectaoeste.com.br\/index.php\/wp-json\/wp\/v2\/posts\/1482\/revisions"}],"predecessor-version":[{"id":1485,"href":"https:\/\/connectaoeste.com.br\/index.php\/wp-json\/wp\/v2\/posts\/1482\/revisions\/1485"}],"wp:featuredmedia":[{"embeddable":true,"href":"https:\/\/connectaoeste.com.br\/index.php\/wp-json\/wp\/v2\/media\/1483"}],"wp:attachment":[{"href":"https:\/\/connectaoeste.com.br\/index.php\/wp-json\/wp\/v2\/media?parent=1482"}],"wp:term":[{"taxonomy":"category","embeddable":true,"href":"https:\/\/connectaoeste.com.br\/index.php\/wp-json\/wp\/v2\/categories?post=1482"},{"taxonomy":"post_tag","embeddable":true,"href":"https:\/\/connectaoeste.com.br\/index.php\/wp-json\/wp\/v2\/tags?post=1482"}],"curies":[{"name":"wp","href":"https:\/\/api.w.org\/{rel}","templated":true}]}}