{"id":1486,"date":"2025-05-20T12:22:02","date_gmt":"2025-05-20T15:22:02","guid":{"rendered":"https:\/\/connectaoeste.com.br\/?p=1486"},"modified":"2025-06-05T09:54:27","modified_gmt":"2025-06-05T12:54:27","slug":"natanzinho-lima-confirmado-no-arraia-de-lem-2025","status":"publish","type":"post","link":"https:\/\/connectaoeste.com.br\/index.php\/2025\/05\/20\/natanzinho-lima-confirmado-no-arraia-de-lem-2025\/","title":{"rendered":"Natanzinho Lima confirmado no Arrai\u00e1 de LEM 2025"},"content":{"rendered":"<p>O <strong>Arrai\u00e1 de LEM 2025<\/strong> promete ser um dos eventos mais aguardados do ano em Lu\u00eds Eduardo Magalh\u00e3es, Bahia, e a festa acaba de ganhar um refor\u00e7o de peso: o cantor Natanzinho Lima est\u00e1 confirmado como uma das atra\u00e7\u00f5es principais! A novidade foi anunciada pelo prefeito <strong>J\u00fanior Marab\u00e1<\/strong> em um v\u00eddeo divulgado recentemente, deixando os f\u00e3s do artista e os amantes do forr\u00f3 em <strong>grande expectativa<\/strong>.<\/p>\n<div style=\"width: 640px;\" class=\"wp-video\"><!--[if lt IE 9]><script>document.createElement('video');<\/script><![endif]-->\n<video class=\"wp-video-shortcode\" id=\"video-1486-1\" width=\"640\" height=\"1138\" preload=\"metadata\" controls=\"controls\"><source type=\"video\/mp4\" src=\"http:\/\/connectaoeste.com.br\/wp-content\/uploads\/2025\/05\/ARRAIA-DE-LEM-2025-Confirmadissimo-no-maior-Sao-Joao-do-Oeste-Baiano-Natanzinho-LimaPorque-viver-e-diferente-de-ta-vivo-De-27-de-junho-a-01-de-julho.mp4?_=1\" \/><a href=\"http:\/\/connectaoeste.com.br\/wp-content\/uploads\/2025\/05\/ARRAIA-DE-LEM-2025-Confirmadissimo-no-maior-Sao-Joao-do-Oeste-Baiano-Natanzinho-LimaPorque-viver-e-diferente-de-ta-vivo-De-27-de-junho-a-01-de-julho.mp4\">http:\/\/connectaoeste.com.br\/wp-content\/uploads\/2025\/05\/ARRAIA-DE-LEM-2025-Confirmadissimo-no-maior-Sao-Joao-do-Oeste-Baiano-Natanzinho-LimaPorque-viver-e-diferente-de-ta-vivo-De-27-de-junho-a-01-de-julho.mp4<\/a><\/video><\/div>\n<p>O evento acontecer\u00e1 entre os dias 27 de junho e 1\u00ba de julho, reunindo grandes nomes da m\u00fasica e proporcionando momentos inesquec\u00edveis para o p\u00fablico. Com seu carisma e sucessos que conquistaram o Brasil, Natanzinho Lima promete um show vibrante, cheio de energia e muito forr\u00f3 para embalar as noites do Arrai\u00e1.<br \/>\nAl\u00e9m de Natanzinho, o Arrai\u00e1 de LEM contar\u00e1 com uma programa\u00e7\u00e3o recheada de atra\u00e7\u00f5es, garantindo uma experi\u00eancia \u00fanica para quem ama as festividades juninas. A cidade j\u00e1 est\u00e1 se preparando para receber visitantes de toda a regi\u00e3o, que poder\u00e3o desfrutar de uma estrutura especial, comidas t\u00edpicas e, claro, muito arrasta-p\u00e9.<br \/>\nSe voc\u00ea \u00e9 f\u00e3 de festas juninas e quer curtir uma programa\u00e7\u00e3o especial, j\u00e1 pode marcar na agenda: o<strong> Arrai\u00e1 de LEM 2025<\/strong> ser\u00e1 imperd\u00edvel! \ud83c\udfb6\ud83d\udd25<br \/>\n<strong>Fique ligado no Conecta Oeste para mais novidades sobre o evento!<\/strong><\/p>\n","protected":false},"excerpt":{"rendered":"<p>O Arrai\u00e1 de LEM 2025 promete ser um dos eventos mais aguardados do ano em Lu\u00eds Eduardo Magalh\u00e3es, Bahia, e a festa acaba de ganhar um refor\u00e7o de peso: o cantor Natanzinho Lima est\u00e1 confirmado como uma das atra\u00e7\u00f5es principais! A novidade foi anunciada pelo prefeito J\u00fanior Marab\u00e1 em um v\u00eddeo divulgado recentemente, deixando os [&hellip;]<\/p>\n","protected":false},"author":1,"featured_media":1488,"comment_status":"open","ping_status":"open","sticky":false,"template":"","format":"standard","meta":{"footnotes":""},"categories":[7,62,63,46,5],"tags":[],"class_list":["post-1486","post","type-post","status-publish","format-standard","has-post-thumbnail","hentry","category-bahia","category-evento","category-festa","category-lem","category-noticias"],"_links":{"self":[{"href":"https:\/\/connectaoeste.com.br\/index.php\/wp-json\/wp\/v2\/posts\/1486","targetHints":{"allow":["GET"]}}],"collection":[{"href":"https:\/\/connectaoeste.com.br\/index.php\/wp-json\/wp\/v2\/posts"}],"about":[{"href":"https:\/\/connectaoeste.com.br\/index.php\/wp-json\/wp\/v2\/types\/post"}],"author":[{"embeddable":true,"href":"https:\/\/connectaoeste.com.br\/index.php\/wp-json\/wp\/v2\/users\/1"}],"replies":[{"embeddable":true,"href":"https:\/\/connectaoeste.com.br\/index.php\/wp-json\/wp\/v2\/comments?post=1486"}],"version-history":[{"count":1,"href":"https:\/\/connectaoeste.com.br\/index.php\/wp-json\/wp\/v2\/posts\/1486\/revisions"}],"predecessor-version":[{"id":1489,"href":"https:\/\/connectaoeste.com.br\/index.php\/wp-json\/wp\/v2\/posts\/1486\/revisions\/1489"}],"wp:featuredmedia":[{"embeddable":true,"href":"https:\/\/connectaoeste.com.br\/index.php\/wp-json\/wp\/v2\/media\/1488"}],"wp:attachment":[{"href":"https:\/\/connectaoeste.com.br\/index.php\/wp-json\/wp\/v2\/media?parent=1486"}],"wp:term":[{"taxonomy":"category","embeddable":true,"href":"https:\/\/connectaoeste.com.br\/index.php\/wp-json\/wp\/v2\/categories?post=1486"},{"taxonomy":"post_tag","embeddable":true,"href":"https:\/\/connectaoeste.com.br\/index.php\/wp-json\/wp\/v2\/tags?post=1486"}],"curies":[{"name":"wp","href":"https:\/\/api.w.org\/{rel}","templated":true}]}}