{"id":1494,"date":"2025-05-23T15:02:43","date_gmt":"2025-05-23T18:02:43","guid":{"rendered":"https:\/\/connectaoeste.com.br\/?p=1494"},"modified":"2025-06-05T09:53:48","modified_gmt":"2025-06-05T12:53:48","slug":"morre-aos-81-anos-o-icone-da-fotografia-sebastiao-salgado","status":"publish","type":"post","link":"https:\/\/connectaoeste.com.br\/index.php\/2025\/05\/23\/morre-aos-81-anos-o-icone-da-fotografia-sebastiao-salgado\/","title":{"rendered":"Morre aos 81 anos, o \u00edcone da fotografia &#8211; Sebasti\u00e3o Salgado."},"content":{"rendered":"<div id=\"chunk-49onu\">\n<div class=\"mc-column content-text active-extra-styles \" data-block-type=\"unstyled\" data-block-weight=\"25\" data-block-id=\"2\">\n<p class=\" content-text__container \" data-track-category=\"Link no Texto\" data-track-links=\"\" data-mrf-recirculation=\"Mat\u00e9ria - Links no Texto\">Sebasti\u00e3o Salgado,\u00a0<span class=\"highlight highlighted\">um dos fot\u00f3grafos mais importantes do mundo<\/span>, morreu aos 81 anos. A informa\u00e7\u00e3o foi confirmada pelo Instituto Terra, organiza\u00e7\u00e3o n\u00e3o-governamental fundada por ele.<\/p>\n<\/div>\n<\/div>\n<div class=\"wall protected-content\">\n<div id=\"chunk-bk6ek\">\n<div class=\"mc-column content-text active-extra-styles \" data-block-type=\"unstyled\" data-block-weight=\"44\" data-block-id=\"4\">\n<p class=\" content-text__container \" data-track-category=\"Link no Texto\" data-track-links=\"\" data-mrf-recirculation=\"Mat\u00e9ria - Links no Texto\">Ele tinha um dist\u00farbio sangu\u00edneo causado por mal\u00e1ria, contra\u00eddo na Indon\u00e9sia e n\u00e3o conseguiu tratar apropriadamente. Por isso, se aposentou do trabalho de campo em 2024, dizendo que seu corpo estava sentindo \u201cos impactos de anos de trabalho em ambientes hostis e desafiadores\u201d.<\/p>\n<\/div>\n<\/div>\n<div id=\"chunk-6s3h3\">\n<div class=\"mc-column content-text active-extra-styles \" data-block-type=\"unstyled\" data-block-weight=\"69\" data-block-id=\"5\">\n<p class=\" content-text__container \" data-track-category=\"Link no Texto\" data-track-links=\"\" data-mrf-recirculation=\"Mat\u00e9ria - Links no Texto\">&#8220;Sebasti\u00e3o foi muito mais do que um dos maiores fot\u00f3grafos de nosso tempo. Ao lado de sua companheira de vida, L\u00e9lia Deluiz Wanick Salgado, semeou esperan\u00e7a onde havia devasta\u00e7\u00e3o e fez florescer a ideia de que a restaura\u00e7\u00e3o ambiental \u00e9 tamb\u00e9m um gesto profundo de amor pela humanidade. Sua lente revelou o mundo e suas contradi\u00e7\u00f5es; sua vida, o poder da a\u00e7\u00e3o transformadora&#8221;, diz o texto do Instituto Terra.<\/p>\n<div id=\"chunk-amojk\">\n<div class=\"mc-column content-text active-extra-styles \" data-block-type=\"unstyled\" data-block-weight=\"55\" data-block-id=\"8\">\n<p class=\" content-text__container \" data-track-category=\"Link no Texto\" data-track-links=\"\" data-mrf-recirculation=\"Mat\u00e9ria - Links no Texto\">Considerado um dos fot\u00f3grafos mais importantes do mundo, Sebasti\u00e3o Ribeiro Salgado J\u00fanior nasceu na cidade de Aimor\u00e9s (MG), em 1944. O mineiro foi mestre na arte de retratar a alma humana e do planeta em preto e branco. Suas lentes captaram momentos hist\u00f3ricos e gente simples, as maiores belezas da natureza e sua degrada\u00e7\u00e3o.<\/p>\n<\/div>\n<\/div>\n<div id=\"chunk-6vb87\">\n<div class=\"mc-column content-text active-extra-styles \" data-block-type=\"unstyled\" data-block-weight=\"34\" data-block-id=\"9\">\n<p class=\" content-text__container \" data-track-category=\"Link no Texto\" data-track-links=\"\" data-mrf-recirculation=\"Mat\u00e9ria - Links no Texto\">Salgado ficou famoso por fazer registros documentais impressionantes,\u00a0como o da Serra Pelada na d\u00e9cada de 1980; &#8220;Trabalhadores&#8221;; e o ensaio &#8220;\u00caxodos&#8221; mostrando povos migrantes pelo mundo. Ao todo, percorreu mais de 120 pa\u00edses.<\/p>\n<p data-track-category=\"Link no Texto\" data-track-links=\"\" data-mrf-recirculation=\"Mat\u00e9ria - Links no Texto\">Ele era formado em Economia, mas descobriu a fotografia em 1973. Desde ent\u00e3o, nunca mais deixou essa paix\u00e3o. Em 1998, ao lado da esposa Leila, fundou o Instituto Terra, em sua luta pelo reflorestamento da Mata Atl\u00e2ntica brasileira e do planeta em geral.<\/p>\n<div id=\"chunk-79tba\">\n<div class=\"mc-column content-text active-extra-styles \" data-block-type=\"unstyled\" data-block-weight=\"57\" data-block-id=\"14\">\n<p class=\" content-text__container \" data-track-category=\"Link no Texto\" data-track-links=\"\" data-mrf-recirculation=\"Mat\u00e9ria - Links no Texto\">Serra Pelada, no cora\u00e7\u00e3o da Floresta Amaz\u00f4nica, no leste do Par\u00e1, ficou conhecida como o maior garimpo a c\u00e9u aberto do mundo. \u201cEu nunca vi nada parecido. Vi passar diante de mim, em fra\u00e7\u00f5es de segundo, a hist\u00f3ria do humano, da humanidade, a Torre de Babel\u201d, afirmou Salgado. A s\u00e9rie de fotos o tornou um fot\u00f3grafo consagrado.<\/p>\n<\/div>\n<\/div>\n<\/div>\n<\/div>\n<\/div>\n<\/div>\n<\/div>\n<p><img loading=\"lazy\" decoding=\"async\" class=\"\" src=\"https:\/\/s2-g1.glbimg.com\/WfDQ1PxKN_MLiBX0cmV6O_xuP98=\/0x0:3165x2315\/1008x0\/smart\/filters:strip_icc()\/s.glbimg.com\/jo\/g1\/f\/original\/2013\/05\/24\/10_05-3-241-67.jpg\" alt=\"Na regi\u00e3o da bacia do Xingu, estado de Mato Grosso, um grupo de ind\u00edgenas waur\u00e1 pesca na lagoa Piyulaga, perto de sua aldeia \u2014 Foto: Sebasti\u00e3o Salgado\/Divulga\u00e7\u00e3o\" width=\"301\" height=\"220\" \/> <img loading=\"lazy\" decoding=\"async\" class=\"\" src=\"https:\/\/s2-g1.glbimg.com\/5hkxC7KFC8ueOjRzWZGyBvGJWhw=\/0x0:620x454\/1008x0\/smart\/filters:strip_icc()\/s.glbimg.com\/jo\/g1\/f\/original\/2013\/09\/03\/leve-05_10-4-7501.jpg\" alt=\"Perseguidos por ca\u00e7adores furtivos na Z\u00e2mbia, os elefantes (Loxodonta africana) t\u00eam medo dos homens e dos ve\u00edculos, e entram rapidamente no mato, assustados, no Parque Nacional de Kafue, Z\u00e2mbia. 2010 \u2014 Foto: Sebasti\u00e3o Salgado\/Divulga\u00e7\u00e3o\" width=\"299\" height=\"219\" \/> <img loading=\"lazy\" decoding=\"async\" class=\"\" src=\"https:\/\/s2-g1.glbimg.com\/4m1MJYemVmvbmlwu_VUI_2coVxI=\/0x0:1280x854\/1008x0\/smart\/filters:strip_icc()\/i.s3.glbimg.com\/v1\/AUTH_59edd422c0c84a879bd37670ae4f538a\/internal_photos\/bs\/2021\/G\/v\/s9f4yFT8ibbNUaznJTQw\/whatsapp-image-2021-06-09-at-08.42.13.jpeg\" alt=\"Imagem da exposi\u00e7\u00e3o 'Gold \u2013 Mina de Ouro Serra Pelada' de Sebasti\u00e3o Salgado \u2014 Foto: Sebasti\u00e3o Salgado\" width=\"327\" height=\"218\" \/><\/p>\n<p><strong>Fique ligado no Conecta Oeste!<\/strong><\/p>\n","protected":false},"excerpt":{"rendered":"<p>Sebasti\u00e3o Salgado,\u00a0um dos fot\u00f3grafos mais importantes do mundo, morreu aos 81 anos. A informa\u00e7\u00e3o foi confirmada pelo Instituto Terra, organiza\u00e7\u00e3o n\u00e3o-governamental fundada por ele. Ele tinha um dist\u00farbio sangu\u00edneo causado por mal\u00e1ria, contra\u00eddo na Indon\u00e9sia e n\u00e3o conseguiu tratar apropriadamente. Por isso, se aposentou do trabalho de campo em 2024, dizendo que seu corpo estava [&hellip;]<\/p>\n","protected":false},"author":1,"featured_media":1495,"comment_status":"open","ping_status":"open","sticky":false,"template":"","format":"standard","meta":{"footnotes":""},"categories":[9,5],"tags":[],"class_list":["post-1494","post","type-post","status-publish","format-standard","has-post-thumbnail","hentry","category-mundo","category-noticias"],"_links":{"self":[{"href":"https:\/\/connectaoeste.com.br\/index.php\/wp-json\/wp\/v2\/posts\/1494","targetHints":{"allow":["GET"]}}],"collection":[{"href":"https:\/\/connectaoeste.com.br\/index.php\/wp-json\/wp\/v2\/posts"}],"about":[{"href":"https:\/\/connectaoeste.com.br\/index.php\/wp-json\/wp\/v2\/types\/post"}],"author":[{"embeddable":true,"href":"https:\/\/connectaoeste.com.br\/index.php\/wp-json\/wp\/v2\/users\/1"}],"replies":[{"embeddable":true,"href":"https:\/\/connectaoeste.com.br\/index.php\/wp-json\/wp\/v2\/comments?post=1494"}],"version-history":[{"count":1,"href":"https:\/\/connectaoeste.com.br\/index.php\/wp-json\/wp\/v2\/posts\/1494\/revisions"}],"predecessor-version":[{"id":1496,"href":"https:\/\/connectaoeste.com.br\/index.php\/wp-json\/wp\/v2\/posts\/1494\/revisions\/1496"}],"wp:featuredmedia":[{"embeddable":true,"href":"https:\/\/connectaoeste.com.br\/index.php\/wp-json\/wp\/v2\/media\/1495"}],"wp:attachment":[{"href":"https:\/\/connectaoeste.com.br\/index.php\/wp-json\/wp\/v2\/media?parent=1494"}],"wp:term":[{"taxonomy":"category","embeddable":true,"href":"https:\/\/connectaoeste.com.br\/index.php\/wp-json\/wp\/v2\/categories?post=1494"},{"taxonomy":"post_tag","embeddable":true,"href":"https:\/\/connectaoeste.com.br\/index.php\/wp-json\/wp\/v2\/tags?post=1494"}],"curies":[{"name":"wp","href":"https:\/\/api.w.org\/{rel}","templated":true}]}}