{"id":1501,"date":"2025-05-27T18:08:48","date_gmt":"2025-05-27T21:08:48","guid":{"rendered":"https:\/\/connectaoeste.com.br\/?p=1501"},"modified":"2025-06-05T09:53:25","modified_gmt":"2025-06-05T12:53:25","slug":"bate-boca-ministra-marina-silva-abandona-sessao-no-senado","status":"publish","type":"post","link":"https:\/\/connectaoeste.com.br\/index.php\/2025\/05\/27\/bate-boca-ministra-marina-silva-abandona-sessao-no-senado\/","title":{"rendered":"Bate &#8211; Boca, Ministra Marina Silva abandona sess\u00e3o no Senado."},"content":{"rendered":"<p>Durante uma audi\u00eancia na Comiss\u00e3o de Infraestrutura do Senado, nesta ter\u00e7a-feira (27), a ministra do Meio Ambiente, Marina Silva, e o senador Marcos Rog\u00e9rio (PL-RO) protagonizaram um embate acalorado. O senador interrompeu a ministra diversas vezes e, em determinado momento, disparou: \u201cSe ponha no seu lugar\u201d.<\/p>\n<div style=\"width: 640px;\" class=\"wp-video\"><!--[if lt IE 9]><script>document.createElement('video');<\/script><![endif]-->\n<video class=\"wp-video-shortcode\" id=\"video-1501-1\" width=\"640\" height=\"360\" preload=\"metadata\" controls=\"controls\"><source type=\"video\/mp4\" src=\"http:\/\/connectaoeste.com.br\/wp-content\/uploads\/2025\/05\/Marina-Silva-Omar-Aziz-e-Marcos-Rogerio-se-envolvem-em-bate-boca-no-Senado.mp4?_=1\" \/><a href=\"http:\/\/connectaoeste.com.br\/wp-content\/uploads\/2025\/05\/Marina-Silva-Omar-Aziz-e-Marcos-Rogerio-se-envolvem-em-bate-boca-no-Senado.mp4\">http:\/\/connectaoeste.com.br\/wp-content\/uploads\/2025\/05\/Marina-Silva-Omar-Aziz-e-Marcos-Rogerio-se-envolvem-em-bate-boca-no-Senado.mp4<\/a><\/video><\/div>\n<p>Marina Silva rebateu afirmando que n\u00e3o aceitaria ser tratada como uma mulher submissa. O clima esquentou ainda mais quando o senador Pl\u00ednio Val\u00e9rio (PSDB-AM) declarou que \u201ca mulher merece respeito, a ministra, n\u00e3o\u201d, levando Marina a exigir um pedido de desculpas. Como n\u00e3o foi atendida, a ministra se retirou da sess\u00e3o.<br \/>\nO epis\u00f3dio gerou rea\u00e7\u00f5es dentro e fora do Senado. A ministra das Rela\u00e7\u00f5es Institucionais, Gleisi Hoffmann, classificou o comportamento dos senadores como \u201cinadmiss\u00edvel\u201d e manifestou solidariedade a Marina Silva.<br \/>\nO embate ocorreu em meio a discuss\u00f5es sobre licenciamento ambiental e unidades de conserva\u00e7\u00e3o na Margem Equatorial, temas que t\u00eam gerado tens\u00e3o entre o governo e parlamentares.<\/p>\n<p><strong>Fique ligado no Conecta Oeste!<\/strong><\/p>\n","protected":false},"excerpt":{"rendered":"<p>Durante uma audi\u00eancia na Comiss\u00e3o de Infraestrutura do Senado, nesta ter\u00e7a-feira (27), a ministra do Meio Ambiente, Marina Silva, e o senador Marcos Rog\u00e9rio (PL-RO) protagonizaram um embate acalorado. O senador interrompeu a ministra diversas vezes e, em determinado momento, disparou: \u201cSe ponha no seu lugar\u201d. Marina Silva rebateu afirmando que n\u00e3o aceitaria ser tratada [&hellip;]<\/p>\n","protected":false},"author":1,"featured_media":1503,"comment_status":"open","ping_status":"open","sticky":false,"template":"","format":"standard","meta":{"footnotes":""},"categories":[8,5,1,75],"tags":[],"class_list":["post-1501","post","type-post","status-publish","format-standard","has-post-thumbnail","hentry","category-brasil","category-noticias","category-politica","category-senado"],"_links":{"self":[{"href":"https:\/\/connectaoeste.com.br\/index.php\/wp-json\/wp\/v2\/posts\/1501","targetHints":{"allow":["GET"]}}],"collection":[{"href":"https:\/\/connectaoeste.com.br\/index.php\/wp-json\/wp\/v2\/posts"}],"about":[{"href":"https:\/\/connectaoeste.com.br\/index.php\/wp-json\/wp\/v2\/types\/post"}],"author":[{"embeddable":true,"href":"https:\/\/connectaoeste.com.br\/index.php\/wp-json\/wp\/v2\/users\/1"}],"replies":[{"embeddable":true,"href":"https:\/\/connectaoeste.com.br\/index.php\/wp-json\/wp\/v2\/comments?post=1501"}],"version-history":[{"count":1,"href":"https:\/\/connectaoeste.com.br\/index.php\/wp-json\/wp\/v2\/posts\/1501\/revisions"}],"predecessor-version":[{"id":1504,"href":"https:\/\/connectaoeste.com.br\/index.php\/wp-json\/wp\/v2\/posts\/1501\/revisions\/1504"}],"wp:featuredmedia":[{"embeddable":true,"href":"https:\/\/connectaoeste.com.br\/index.php\/wp-json\/wp\/v2\/media\/1503"}],"wp:attachment":[{"href":"https:\/\/connectaoeste.com.br\/index.php\/wp-json\/wp\/v2\/media?parent=1501"}],"wp:term":[{"taxonomy":"category","embeddable":true,"href":"https:\/\/connectaoeste.com.br\/index.php\/wp-json\/wp\/v2\/categories?post=1501"},{"taxonomy":"post_tag","embeddable":true,"href":"https:\/\/connectaoeste.com.br\/index.php\/wp-json\/wp\/v2\/tags?post=1501"}],"curies":[{"name":"wp","href":"https:\/\/api.w.org\/{rel}","templated":true}]}}