{"id":1505,"date":"2025-05-28T20:54:31","date_gmt":"2025-05-28T23:54:31","guid":{"rendered":"https:\/\/connectaoeste.com.br\/?p=1505"},"modified":"2025-06-05T09:52:37","modified_gmt":"2025-06-05T12:52:37","slug":"solange-e-vanderlei-seguem-presos-no-rio-de-janeiro","status":"publish","type":"post","link":"https:\/\/connectaoeste.com.br\/index.php\/2025\/05\/28\/solange-e-vanderlei-seguem-presos-no-rio-de-janeiro\/","title":{"rendered":"Mais de 10 dias de injusti\u00e7a: Solange e Vanderlei seguem presos no Rio de Janeiro."},"content":{"rendered":"<p>J\u00e1 se passaram mais de dez dias desde que Solange Moreira Barreto e Silva e seu esposo, Vanderlei Moreira e Silva, foram presos de forma arbitr\u00e1ria no aeroporto Santos Dumont, no Rio de Janeiro. O casal, que pertence \u00e0 comunidade tradicional de Fundo e Fecho de Pasto de Brejo Verde, na Bahia, estava viajando a passeio quando foi detido sem informa\u00e7\u00f5es claras sobre as acusa\u00e7\u00f5es contra eles.<\/p>\n<p><img loading=\"lazy\" decoding=\"async\" class=\"alignnone size-medium wp-image-1508\" src=\"http:\/\/connectaoeste.com.br\/wp-content\/uploads\/2025\/05\/WhatsApp-Image-2025-05-27-at-14.24.22-300x300.jpeg\" alt=\"\" width=\"300\" height=\"300\" srcset=\"https:\/\/connectaoeste.com.br\/wp-content\/uploads\/2025\/05\/WhatsApp-Image-2025-05-27-at-14.24.22-300x300.jpeg 300w, https:\/\/connectaoeste.com.br\/wp-content\/uploads\/2025\/05\/WhatsApp-Image-2025-05-27-at-14.24.22-150x150.jpeg 150w, https:\/\/connectaoeste.com.br\/wp-content\/uploads\/2025\/05\/WhatsApp-Image-2025-05-27-at-14.24.22-200x200.jpeg 200w, https:\/\/connectaoeste.com.br\/wp-content\/uploads\/2025\/05\/WhatsApp-Image-2025-05-27-at-14.24.22.jpeg 717w\" sizes=\"auto, (max-width: 300px) 100vw, 300px\" \/> <img loading=\"lazy\" decoding=\"async\" class=\"alignnone wp-image-1510\" src=\"http:\/\/connectaoeste.com.br\/wp-content\/uploads\/2025\/05\/bdf-20250528-124420-4e4022-750x536-1-300x214.webp\" alt=\"\" width=\"419\" height=\"299\" srcset=\"https:\/\/connectaoeste.com.br\/wp-content\/uploads\/2025\/05\/bdf-20250528-124420-4e4022-750x536-1-300x214.webp 300w, https:\/\/connectaoeste.com.br\/wp-content\/uploads\/2025\/05\/bdf-20250528-124420-4e4022-750x536-1-200x143.webp 200w, https:\/\/connectaoeste.com.br\/wp-content\/uploads\/2025\/05\/bdf-20250528-124420-4e4022-750x536-1.webp 750w\" sizes=\"auto, (max-width: 419px) 100vw, 419px\" \/><br \/>\nA pris\u00e3o de Solange e Vanderlei gerou indigna\u00e7\u00e3o entre movimentos sociais e organiza\u00e7\u00f5es de direitos humanos, que denunciam a criminaliza\u00e7\u00e3o das comunidades tradicionais e a repress\u00e3o contra aqueles que lutam pela preserva\u00e7\u00e3o de seus territ\u00f3rios. A audi\u00eancia de cust\u00f3dia foi realizada sem que os representantes legais dos fecheiros tivessem acesso aos autos do processo, configurando uma grave viola\u00e7\u00e3o dos direitos fundamentais \u00e0 ampla defesa e ao contradit\u00f3rio.<br \/>\nDiversos grupos e entidades t\u00eam se mobilizado para exigir a liberdade imediata do casal. Em Salvador, um ato de solidariedade reuniu dezenas de movimentos populares, refor\u00e7ando a den\u00fancia de que essa pris\u00e3o \u00e9 pol\u00edtica e visa reprimir a luta dos povos do campo por terra e territ\u00f3rio.<br \/>\nA justi\u00e7a precisa ser feita. Solange e Vanderlei devem ser libertados e ter seus direitos respeitados. A sociedade n\u00e3o pode aceitar que trabalhadores e defensores dos direitos humanos sejam perseguidos por sua luta leg\u00edtima. Que a verdade prevale\u00e7a e que eles possam retornar para suas fam\u00edlias e comunidades o mais r\u00e1pido poss\u00edvel.<\/p>\n<p><strong>Fique ligado no Conecta Oeste!<\/strong><\/p>\n<p>&nbsp;<\/p>\n","protected":false},"excerpt":{"rendered":"<p>J\u00e1 se passaram mais de dez dias desde que Solange Moreira Barreto e Silva e seu esposo, Vanderlei Moreira e Silva, foram presos de forma arbitr\u00e1ria no aeroporto Santos Dumont, no Rio de Janeiro. O casal, que pertence \u00e0 comunidade tradicional de Fundo e Fecho de Pasto de Brejo Verde, na Bahia, estava viajando a [&hellip;]<\/p>\n","protected":false},"author":1,"featured_media":1512,"comment_status":"open","ping_status":"open","sticky":false,"template":"","format":"standard","meta":{"footnotes":""},"categories":[7,8,45,5],"tags":[],"class_list":["post-1505","post","type-post","status-publish","format-standard","has-post-thumbnail","hentry","category-bahia","category-brasil","category-correntina","category-noticias"],"_links":{"self":[{"href":"https:\/\/connectaoeste.com.br\/index.php\/wp-json\/wp\/v2\/posts\/1505","targetHints":{"allow":["GET"]}}],"collection":[{"href":"https:\/\/connectaoeste.com.br\/index.php\/wp-json\/wp\/v2\/posts"}],"about":[{"href":"https:\/\/connectaoeste.com.br\/index.php\/wp-json\/wp\/v2\/types\/post"}],"author":[{"embeddable":true,"href":"https:\/\/connectaoeste.com.br\/index.php\/wp-json\/wp\/v2\/users\/1"}],"replies":[{"embeddable":true,"href":"https:\/\/connectaoeste.com.br\/index.php\/wp-json\/wp\/v2\/comments?post=1505"}],"version-history":[{"count":5,"href":"https:\/\/connectaoeste.com.br\/index.php\/wp-json\/wp\/v2\/posts\/1505\/revisions"}],"predecessor-version":[{"id":1513,"href":"https:\/\/connectaoeste.com.br\/index.php\/wp-json\/wp\/v2\/posts\/1505\/revisions\/1513"}],"wp:featuredmedia":[{"embeddable":true,"href":"https:\/\/connectaoeste.com.br\/index.php\/wp-json\/wp\/v2\/media\/1512"}],"wp:attachment":[{"href":"https:\/\/connectaoeste.com.br\/index.php\/wp-json\/wp\/v2\/media?parent=1505"}],"wp:term":[{"taxonomy":"category","embeddable":true,"href":"https:\/\/connectaoeste.com.br\/index.php\/wp-json\/wp\/v2\/categories?post=1505"},{"taxonomy":"post_tag","embeddable":true,"href":"https:\/\/connectaoeste.com.br\/index.php\/wp-json\/wp\/v2\/tags?post=1505"}],"curies":[{"name":"wp","href":"https:\/\/api.w.org\/{rel}","templated":true}]}}