{"id":1527,"date":"2025-06-04T00:05:57","date_gmt":"2025-06-04T03:05:57","guid":{"rendered":"https:\/\/connectaoeste.com.br\/?p=1527"},"modified":"2025-06-06T10:36:48","modified_gmt":"2025-06-06T13:36:48","slug":"vereador-nelson-carinha-adere-a-base-do-prefeito-mariano-em-correntina-ba","status":"publish","type":"post","link":"https:\/\/connectaoeste.com.br\/index.php\/2025\/06\/04\/vereador-nelson-carinha-adere-a-base-do-prefeito-mariano-em-correntina-ba\/","title":{"rendered":"Vereador Nelson Carinha adere \u00e0 base do prefeito Mariano em Correntina (BA)."},"content":{"rendered":"<p>Na \u00faltima sess\u00e3o ordin\u00e1ria da C\u00e2mara Municipal de Correntina <strong>03\/06\/25 Ter\u00e7a-Feira<\/strong>, o<strong> vereador Nelson Carinha (PSD)<\/strong> surpreendeu ao anunciar sua ades\u00e3o \u00e0 base do <strong>prefeito Mariano Correntina (UNI\u00c3O)<\/strong> Antes atuando como oposi\u00e7\u00e3o, Carinha declarou que sua decis\u00e3o foi motivada pelo compromisso de trabalhar pelo povo de Correntina, buscando maior alinhamento com a gest\u00e3o municipal para viabilizar projetos e melhorias para a cidade.<\/p>\n<p>A mudan\u00e7a de posicionamento pol\u00edtico do vereador gerou repercuss\u00e3o entre os colegas da C\u00e2mara e a popula\u00e7\u00e3o. Segundo Carinha, sua prioridade \u00e9 garantir que as demandas da comunidade sejam atendidas de forma eficaz, independentemente de quest\u00f5es partid\u00e1rias. <strong>&#8220;Meu compromisso \u00e9 com o povo de Correntina<\/strong>. Acredito que, ao integrar a base do prefeito, poderei contribuir mais diretamente para o desenvolvimento da cidade&#8221;, <strong>afirmou.<\/strong><\/p>\n<div style=\"width: 640px;\" class=\"wp-video\"><!--[if lt IE 9]><script>document.createElement('video');<\/script><![endif]-->\n<video class=\"wp-video-shortcode\" id=\"video-1527-1\" width=\"640\" height=\"360\" preload=\"metadata\" controls=\"controls\"><source type=\"video\/mp4\" src=\"http:\/\/connectaoeste.com.br\/wp-content\/uploads\/2025\/06\/connecta-4.mp4?_=1\" \/><a href=\"http:\/\/connectaoeste.com.br\/wp-content\/uploads\/2025\/06\/connecta-4.mp4\">http:\/\/connectaoeste.com.br\/wp-content\/uploads\/2025\/06\/connecta-4.mp4<\/a><\/video><\/div>\n<p>O prefeito <strong>Mariano<\/strong>, que assumiu o cargo em<strong> janeiro de 2025<\/strong>, tem trabalhado em diversas frentes para fortalecer a infraestrutura e os servi\u00e7os p\u00fablicos do munic\u00edpio. Com a ades\u00e3o de <strong>Nelson Carinha<\/strong>, sua base pol\u00edtica na C\u00e2mara ganha mais for\u00e7a para aprovar projetos estrat\u00e9gicos.<\/p>\n<p>A decis\u00e3o do vereador marca um novo cap\u00edtulo na pol\u00edtica local e levanta expectativas sobre os pr\u00f3ximos passos da administra\u00e7\u00e3o municipal. A popula\u00e7\u00e3o aguarda para ver como essa mudan\u00e7a impactar\u00e1 as a\u00e7\u00f5es e investimentos na cidade de Correntina.<\/p>\n<p><strong>Fique ligado no Conecta Oeste! Para Mais Informa\u00e7\u00f5es.<\/strong><\/p>\n","protected":false},"excerpt":{"rendered":"<p>Na \u00faltima sess\u00e3o ordin\u00e1ria da C\u00e2mara Municipal de Correntina 03\/06\/25 Ter\u00e7a-Feira, o vereador Nelson Carinha (PSD) surpreendeu ao anunciar sua ades\u00e3o \u00e0 base do prefeito Mariano Correntina (UNI\u00c3O) Antes atuando como oposi\u00e7\u00e3o, Carinha declarou que sua decis\u00e3o foi motivada pelo compromisso de trabalhar pelo povo de Correntina, buscando maior alinhamento com a gest\u00e3o municipal para [&hellip;]<\/p>\n","protected":false},"author":1,"featured_media":1529,"comment_status":"open","ping_status":"open","sticky":false,"template":"","format":"standard","meta":{"footnotes":""},"categories":[7,45,5,1],"tags":[],"class_list":["post-1527","post","type-post","status-publish","format-standard","has-post-thumbnail","hentry","category-bahia","category-correntina","category-noticias","category-politica"],"_links":{"self":[{"href":"https:\/\/connectaoeste.com.br\/index.php\/wp-json\/wp\/v2\/posts\/1527","targetHints":{"allow":["GET"]}}],"collection":[{"href":"https:\/\/connectaoeste.com.br\/index.php\/wp-json\/wp\/v2\/posts"}],"about":[{"href":"https:\/\/connectaoeste.com.br\/index.php\/wp-json\/wp\/v2\/types\/post"}],"author":[{"embeddable":true,"href":"https:\/\/connectaoeste.com.br\/index.php\/wp-json\/wp\/v2\/users\/1"}],"replies":[{"embeddable":true,"href":"https:\/\/connectaoeste.com.br\/index.php\/wp-json\/wp\/v2\/comments?post=1527"}],"version-history":[{"count":1,"href":"https:\/\/connectaoeste.com.br\/index.php\/wp-json\/wp\/v2\/posts\/1527\/revisions"}],"predecessor-version":[{"id":1530,"href":"https:\/\/connectaoeste.com.br\/index.php\/wp-json\/wp\/v2\/posts\/1527\/revisions\/1530"}],"wp:featuredmedia":[{"embeddable":true,"href":"https:\/\/connectaoeste.com.br\/index.php\/wp-json\/wp\/v2\/media\/1529"}],"wp:attachment":[{"href":"https:\/\/connectaoeste.com.br\/index.php\/wp-json\/wp\/v2\/media?parent=1527"}],"wp:term":[{"taxonomy":"category","embeddable":true,"href":"https:\/\/connectaoeste.com.br\/index.php\/wp-json\/wp\/v2\/categories?post=1527"},{"taxonomy":"post_tag","embeddable":true,"href":"https:\/\/connectaoeste.com.br\/index.php\/wp-json\/wp\/v2\/tags?post=1527"}],"curies":[{"name":"wp","href":"https:\/\/api.w.org\/{rel}","templated":true}]}}