{"id":1581,"date":"2025-06-16T12:06:32","date_gmt":"2025-06-16T15:06:32","guid":{"rendered":"https:\/\/connectaoeste.com.br\/?p=1581"},"modified":"2025-06-16T12:06:32","modified_gmt":"2025-06-16T15:06:32","slug":"crianca-de-2-anos-mata-a-mae-com-tiro-acidental-em-ms","status":"publish","type":"post","link":"https:\/\/connectaoeste.com.br\/index.php\/2025\/06\/16\/crianca-de-2-anos-mata-a-mae-com-tiro-acidental-em-ms\/","title":{"rendered":"Crian\u00e7a de 2 anos mata a m\u00e3e com tiro acidental em MS."},"content":{"rendered":"<h2 class=\"content-head__subtitle\">Crian\u00e7a brincava com arma perto dos pais quando fez o disparo. O pai vai responder em liberdade por homic\u00eddio culposo e por omiss\u00e3o de cautela no estatuto do armamento.<\/h2>\n<div id=\"chunk-8531r\">\n<div class=\"mc-column content-text active-extra-styles \" data-block-type=\"unstyled\" data-block-weight=\"48\" data-block-id=\"3\">\n<p class=\" content-text__container \" data-track-category=\"Link no Texto\" data-track-links=\"\" data-mrf-recirculation=\"Mat\u00e9ria - Links no Texto\"><strong>Uma crian\u00e7a de 2 anos pegou a arma do pai e, ao manuse\u00e1-la, acabou disparando acidentalmente contra a m\u00e3e, de 27 anos<\/strong>. Segundo a pol\u00edcia, o homem \u00e9 produtor rural e possu\u00eda o porte e registro da arma. O pai vai responder por homic\u00eddio culposo em liberdade.<\/p>\n<\/div>\n<\/div>\n<div class=\"wall protected-content\">\n<div id=\"chunk-ebnl\">\n<div class=\"mc-column content-text active-extra-styles \" data-block-type=\"unstyled\" data-block-weight=\"38\" data-block-id=\"5\">\n<p class=\" content-text__container \" data-track-category=\"Link no Texto\" data-track-links=\"\" data-mrf-recirculation=\"Mat\u00e9ria - Links no Texto\">Segundo a pol\u00edcia, o casal estava sentado na varanda de casa, em\u00a0Rio Verde de Mato Grosso (MS), com o filho quando o caso aconteceu. Tudo foi registrado por imagens de c\u00e2meras de seguran\u00e7a.<\/p>\n<p data-track-category=\"Link no Texto\" data-track-links=\"\" data-mrf-recirculation=\"Mat\u00e9ria - Links no Texto\">Enquanto os pais estavam distra\u00eddos, a\u00a0<span class=\"highlight highlighted\">crian\u00e7a pegou a arma do pai, que estava em uma mesa, e come\u00e7ou a manuse\u00e1-la na frente do casal.\u00a0<\/span>Em seguida, o menino se virou para a m\u00e3e e o disparo fo feito acidentalmente.<\/p>\n<p data-track-category=\"Link no Texto\" data-track-links=\"\" data-mrf-recirculation=\"Mat\u00e9ria - Links no Texto\">A mulher foi atingida no bra\u00e7o e no t\u00f3rax. Ainda segundo as imagens, ela se levanta assustada, o filho corre e a abra\u00e7a. Em seguida, ela tenta correr, mas cai e a crian\u00e7a fica ao lado da m\u00e3e. O marido pega a arma no ch\u00e3o e tenta socorr\u00ea-la.<\/p>\n<div style=\"width: 636px;\" class=\"wp-video\"><!--[if lt IE 9]><script>document.createElement('video');<\/script><![endif]-->\n<video class=\"wp-video-shortcode\" id=\"video-1581-1\" width=\"636\" height=\"360\" preload=\"metadata\" controls=\"controls\"><source type=\"video\/mp4\" src=\"http:\/\/connectaoeste.com.br\/wp-content\/uploads\/2025\/06\/Capivara-News-TV\uff1a-Crianca-de-2-anos-pega-arma-na-frente-dos-pais-e-mata-mae-com-tiro-no-peito.mp4?_=1\" \/><a href=\"http:\/\/connectaoeste.com.br\/wp-content\/uploads\/2025\/06\/Capivara-News-TV\uff1a-Crianca-de-2-anos-pega-arma-na-frente-dos-pais-e-mata-mae-com-tiro-no-peito.mp4\">http:\/\/connectaoeste.com.br\/wp-content\/uploads\/2025\/06\/Capivara-News-TV\uff1a-Crianca-de-2-anos-pega-arma-na-frente-dos-pais-e-mata-mae-com-tiro-no-peito.mp4<\/a><\/video><\/div>\n<div id=\"chunk-7v6pm\">\n<div class=\"mc-column content-text active-extra-styles \" data-block-type=\"unstyled\" data-block-weight=\"11\" data-block-id=\"12\">\n<p class=\" content-text__container \" data-track-category=\"Link no Texto\" data-track-links=\"\" data-mrf-recirculation=\"Mat\u00e9ria - Links no Texto\">O caso\u00a0aconteceu com uma arma 9 mil\u00edmetros,\u00a0que foi apreendida.<\/p>\n<\/div>\n<\/div>\n<div id=\"chunk-ek4pe\">\n<div class=\"mc-column content-text active-extra-styles \" data-block-type=\"unstyled\" data-block-weight=\"20\" data-block-id=\"13\">\n<p class=\" content-text__container \" data-track-category=\"Link no Texto\" data-track-links=\"\" data-mrf-recirculation=\"Mat\u00e9ria - Links no Texto\">Ser\u00e1 avaliada ainda a situa\u00e7\u00e3o da crian\u00e7a, se ela ser\u00e1 encaminhada para o Conselho Tutelar, para passar pelo setor psicossocial.<\/p>\n<p data-track-category=\"Link no Texto\" data-track-links=\"\" data-mrf-recirculation=\"Mat\u00e9ria - Links no Texto\">\n<p data-track-category=\"Link no Texto\" data-track-links=\"\" data-mrf-recirculation=\"Mat\u00e9ria - Links no Texto\">\n<\/div>\n<\/div>\n<\/div>\n<\/div>\n<\/div>\n","protected":false},"excerpt":{"rendered":"<p>Crian\u00e7a brincava com arma perto dos pais quando fez o disparo. O pai vai responder em liberdade por homic\u00eddio culposo e por omiss\u00e3o de cautela no estatuto do armamento. Uma crian\u00e7a de 2 anos pegou a arma do pai e, ao manuse\u00e1-la, acabou disparando acidentalmente contra a m\u00e3e, de 27 anos. Segundo a pol\u00edcia, o [&hellip;]<\/p>\n","protected":false},"author":1,"featured_media":1585,"comment_status":"open","ping_status":"open","sticky":false,"template":"","format":"standard","meta":{"footnotes":""},"categories":[7,5],"tags":[],"class_list":["post-1581","post","type-post","status-publish","format-standard","has-post-thumbnail","hentry","category-bahia","category-noticias"],"_links":{"self":[{"href":"https:\/\/connectaoeste.com.br\/index.php\/wp-json\/wp\/v2\/posts\/1581","targetHints":{"allow":["GET"]}}],"collection":[{"href":"https:\/\/connectaoeste.com.br\/index.php\/wp-json\/wp\/v2\/posts"}],"about":[{"href":"https:\/\/connectaoeste.com.br\/index.php\/wp-json\/wp\/v2\/types\/post"}],"author":[{"embeddable":true,"href":"https:\/\/connectaoeste.com.br\/index.php\/wp-json\/wp\/v2\/users\/1"}],"replies":[{"embeddable":true,"href":"https:\/\/connectaoeste.com.br\/index.php\/wp-json\/wp\/v2\/comments?post=1581"}],"version-history":[{"count":3,"href":"https:\/\/connectaoeste.com.br\/index.php\/wp-json\/wp\/v2\/posts\/1581\/revisions"}],"predecessor-version":[{"id":1586,"href":"https:\/\/connectaoeste.com.br\/index.php\/wp-json\/wp\/v2\/posts\/1581\/revisions\/1586"}],"wp:featuredmedia":[{"embeddable":true,"href":"https:\/\/connectaoeste.com.br\/index.php\/wp-json\/wp\/v2\/media\/1585"}],"wp:attachment":[{"href":"https:\/\/connectaoeste.com.br\/index.php\/wp-json\/wp\/v2\/media?parent=1581"}],"wp:term":[{"taxonomy":"category","embeddable":true,"href":"https:\/\/connectaoeste.com.br\/index.php\/wp-json\/wp\/v2\/categories?post=1581"},{"taxonomy":"post_tag","embeddable":true,"href":"https:\/\/connectaoeste.com.br\/index.php\/wp-json\/wp\/v2\/tags?post=1581"}],"curies":[{"name":"wp","href":"https:\/\/api.w.org\/{rel}","templated":true}]}}