{"id":1592,"date":"2025-06-25T14:53:36","date_gmt":"2025-06-25T17:53:36","guid":{"rendered":"https:\/\/connectaoeste.com.br\/?p=1592"},"modified":"2025-06-25T14:53:36","modified_gmt":"2025-06-25T17:53:36","slug":"corpo-de-brasileira-juliana-marins-e-resgatado-em-vulcao-da-indonesia","status":"publish","type":"post","link":"https:\/\/connectaoeste.com.br\/index.php\/2025\/06\/25\/corpo-de-brasileira-juliana-marins-e-resgatado-em-vulcao-da-indonesia\/","title":{"rendered":"Corpo de brasileira Juliana Marins \u00e9 resgatado em vulc\u00e3o da Indon\u00e9sia."},"content":{"rendered":"<p>O\u00a0corpo de Juliana Marins\u00a0foi i\u00e7ado e resgatado do Monte Rinjani nesta quarta-feira (25\/6). Segundo a\u00a0Ag\u00eancia Nacional de Busca e Resgate local (Basarnas), o corpo da brasileira foi encaminhado ao Hospital da Pol\u00edcia Nacional da Indon\u00e9sia. &#8220;O processo de repatria\u00e7\u00e3o ou procedimentos posteriores ficar\u00e3o a cargo das autoridades e da fam\u00edlia&#8221;, disse a Basarnas.<\/p>\n<p>A\u00a0morte de Juliana foi confirmada pela fam\u00edlia na ter\u00e7a-feira (24\/6).\u00a0Ela morreu ap\u00f3s ficar quatro dias presa na encosta de um vulc\u00e3o na Indon\u00e9sia. Natural de Niter\u00f3i, no Rio de Janeiro, Juliana era publicit\u00e1ria e estava viajando pela \u00c1sia desde fevereiro. O monte Rinjani, onde Juliana fazia a trilha, tem 3.726 metros de altura e \u00e9 o segundo maior vulc\u00e3o da Indon\u00e9sia.<\/p>\n<p class=\"texto\">o Itamaraty informou que, em caso de falecimento de cidad\u00e3o brasileiro no exterior, as Embaixadas e Consulados brasileiros podem prestar orienta\u00e7\u00f5es gerais aos familiares, apoiar os contatos com o governo local e cuidar da expedi\u00e7\u00e3o de documentos, como o atestado consular de \u00f3bito.<\/p>\n<p class=\"texto\">No entanto, o Itamaraty destacou que o traslado dos restos mortais de brasileiros falecidos no exterior \u00e9 decis\u00e3o da fam\u00edlia e n\u00e3o pode ser custodiado com recursos p\u00fablicos,\u00a0segundo \u00a7 1\u00ba do artigo 257 do\u00a0decreto 9.199\/2017.<\/p>\n<p><a href=\"https:\/\/www.instagram.com\/p\/DLSajEZApCP\/?img_index=1\"><img loading=\"lazy\" decoding=\"async\" class=\" wp-image-1534 aligncenter\" src=\"http:\/\/connectaoeste.com.br\/wp-content\/uploads\/2025\/06\/cropped-728x90-1-300x37.jpg\" alt=\"\" width=\"649\" height=\"80\" srcset=\"https:\/\/connectaoeste.com.br\/wp-content\/uploads\/2025\/06\/cropped-728x90-1-300x37.jpg 300w, https:\/\/connectaoeste.com.br\/wp-content\/uploads\/2025\/06\/cropped-728x90-1-200x25.jpg 200w, https:\/\/connectaoeste.com.br\/wp-content\/uploads\/2025\/06\/cropped-728x90-1-720x90.jpg 720w, https:\/\/connectaoeste.com.br\/wp-content\/uploads\/2025\/06\/cropped-728x90-1.jpg 728w\" sizes=\"auto, (max-width: 649px) 100vw, 649px\" \/><\/a><\/p>\n<h3>&#8220;Se foi fazendo o que mais gostava&#8221;, diz pai de Juliana<\/h3>\n<p class=\"texto\">Manoel Marins Filho, pai de Juliana Marins, 26 anos, fez duas publica\u00e7\u00f5es no Instagram em homenagem \u00e0 filha. Manoel compartilhou uma foto da jovem com a letra da m\u00fasica Peda\u00e7o de mim, de Chico Buarque. &#8220;Oh, peda\u00e7o de mim. Oh, metade arrancada de mim. Leva o vulto teu, que a saudade \u00e9 o rev\u00e9s de um parto. A saudade \u00e9 arrumar o quarto do filho que j\u00e1 morreu&#8221;, diz um trecho.<\/p>\n<p>Manoel tamb\u00e9m disse que a filha tinha uma &#8220;imensa vontade de viver intensamente&#8221;. Voa, Juju, voa. Voa para os bra\u00e7os do Pai Eterno que lhe aguarda para te guardar para sempre nos seus bra\u00e7os de amor infinito. E aqui ficaremos, na certeza de nos reencontrarmos um dia e fazer aquele voo de parapente que est\u00e1vamos programando para o seu anivers\u00e1rio. L\u00e1 no c\u00e9u, o bom Deus h\u00e1 de nos proporcionar isso&#8221;, finalizou.<\/p>\n<p><strong>Fique ligado no Conecta Oeste para mais atualiza\u00e7\u00f5es!<\/strong><\/p>\n","protected":false},"excerpt":{"rendered":"<p>O\u00a0corpo de Juliana Marins\u00a0foi i\u00e7ado e resgatado do Monte Rinjani nesta quarta-feira (25\/6). Segundo a\u00a0Ag\u00eancia Nacional de Busca e Resgate local (Basarnas), o corpo da brasileira foi encaminhado ao Hospital da Pol\u00edcia Nacional da Indon\u00e9sia. &#8220;O processo de repatria\u00e7\u00e3o ou procedimentos posteriores ficar\u00e3o a cargo das autoridades e da fam\u00edlia&#8221;, disse a Basarnas. A\u00a0morte de [&hellip;]<\/p>\n","protected":false},"author":1,"featured_media":1594,"comment_status":"open","ping_status":"open","sticky":false,"template":"","format":"standard","meta":{"footnotes":""},"categories":[9,5],"tags":[],"class_list":["post-1592","post","type-post","status-publish","format-standard","has-post-thumbnail","hentry","category-mundo","category-noticias"],"_links":{"self":[{"href":"https:\/\/connectaoeste.com.br\/index.php\/wp-json\/wp\/v2\/posts\/1592","targetHints":{"allow":["GET"]}}],"collection":[{"href":"https:\/\/connectaoeste.com.br\/index.php\/wp-json\/wp\/v2\/posts"}],"about":[{"href":"https:\/\/connectaoeste.com.br\/index.php\/wp-json\/wp\/v2\/types\/post"}],"author":[{"embeddable":true,"href":"https:\/\/connectaoeste.com.br\/index.php\/wp-json\/wp\/v2\/users\/1"}],"replies":[{"embeddable":true,"href":"https:\/\/connectaoeste.com.br\/index.php\/wp-json\/wp\/v2\/comments?post=1592"}],"version-history":[{"count":1,"href":"https:\/\/connectaoeste.com.br\/index.php\/wp-json\/wp\/v2\/posts\/1592\/revisions"}],"predecessor-version":[{"id":1593,"href":"https:\/\/connectaoeste.com.br\/index.php\/wp-json\/wp\/v2\/posts\/1592\/revisions\/1593"}],"wp:featuredmedia":[{"embeddable":true,"href":"https:\/\/connectaoeste.com.br\/index.php\/wp-json\/wp\/v2\/media\/1594"}],"wp:attachment":[{"href":"https:\/\/connectaoeste.com.br\/index.php\/wp-json\/wp\/v2\/media?parent=1592"}],"wp:term":[{"taxonomy":"category","embeddable":true,"href":"https:\/\/connectaoeste.com.br\/index.php\/wp-json\/wp\/v2\/categories?post=1592"},{"taxonomy":"post_tag","embeddable":true,"href":"https:\/\/connectaoeste.com.br\/index.php\/wp-json\/wp\/v2\/tags?post=1592"}],"curies":[{"name":"wp","href":"https:\/\/api.w.org\/{rel}","templated":true}]}}