{"id":1605,"date":"2025-06-29T12:25:56","date_gmt":"2025-06-29T15:25:56","guid":{"rendered":"https:\/\/connectaoeste.com.br\/?p=1605"},"modified":"2025-06-29T12:26:23","modified_gmt":"2025-06-29T15:26:23","slug":"luis-eduardo-magalhaes-faz-historia-no-segundo-dia-do-arraia-de-lem-com-recorde-de-publico-e-atracoes-inesqueciveis","status":"publish","type":"post","link":"https:\/\/connectaoeste.com.br\/index.php\/2025\/06\/29\/luis-eduardo-magalhaes-faz-historia-no-segundo-dia-do-arraia-de-lem-com-recorde-de-publico-e-atracoes-inesqueciveis\/","title":{"rendered":"Lu\u00eds Eduardo Magalh\u00e3es faz hist\u00f3ria no segundo dia do Arrai\u00e1 de LEM com recorde de p\u00fablico e atra\u00e7\u00f5es inesquec\u00edveis."},"content":{"rendered":"<p>Na noite de 28 de junho, a cidade de Lu\u00eds Eduardo Magalh\u00e3es viveu um dos momentos mais memor\u00e1veis de sua hist\u00f3ria recente. O segundo dia do <strong>Arrai\u00e1 de LEM 2025<\/strong> transformou a cidade em um mar de alegria, cultura e emo\u00e7\u00e3o, com uma multid\u00e3o que lotou o espa\u00e7o do evento, quebrando todos os recordes de p\u00fablico j\u00e1 registrados.<br \/>\nCom uma programa\u00e7\u00e3o de peso, o evento trouxe para o palco duas das atra\u00e7\u00f5es mais aguardadas do cen\u00e1rio musical atual: <strong>Desejo de Menina e Z\u00e9 Felipe<\/strong>. O romantismo do forr\u00f3 da banda Desejo de Menina embalou cora\u00e7\u00f5es apaixonados, enquanto Z\u00e9 Felipe levantou o p\u00fablico com seu carisma e repert\u00f3rio recheado de sucessos que dominaram as plataformas digitais e os cora\u00e7\u00f5es dos f\u00e3s.<\/p>\n<div style=\"width: 640px;\" class=\"wp-video\"><!--[if lt IE 9]><script>document.createElement('video');<\/script><![endif]-->\n<video class=\"wp-video-shortcode\" id=\"video-1605-1\" width=\"640\" height=\"1138\" preload=\"metadata\" controls=\"controls\"><source type=\"video\/mp4\" src=\"http:\/\/connectaoeste.com.br\/wp-content\/uploads\/2025\/06\/AQPXyvrD_J14bJdwFxJul1XQJcGUaG8eSMKwUD1PVfh7qXwFY7NrCDqFPTqkKqqaLkpj4vH7Cf-TNBi_4OEV3plVbhRNK4_ngoucNB8.mp4?_=1\" \/><a href=\"http:\/\/connectaoeste.com.br\/wp-content\/uploads\/2025\/06\/AQPXyvrD_J14bJdwFxJul1XQJcGUaG8eSMKwUD1PVfh7qXwFY7NrCDqFPTqkKqqaLkpj4vH7Cf-TNBi_4OEV3plVbhRNK4_ngoucNB8.mp4\">http:\/\/connectaoeste.com.br\/wp-content\/uploads\/2025\/06\/AQPXyvrD_J14bJdwFxJul1XQJcGUaG8eSMKwUD1PVfh7qXwFY7NrCDqFPTqkKqqaLkpj4vH7Cf-TNBi_4OEV3plVbhRNK4_ngoucNB8.mp4<\/a><\/video><\/div>\n<p>&nbsp;<\/p>\n<div style=\"width: 640px;\" class=\"wp-video\"><video class=\"wp-video-shortcode\" id=\"video-1605-2\" width=\"640\" height=\"1138\" preload=\"metadata\" controls=\"controls\"><source type=\"video\/mp4\" src=\"http:\/\/connectaoeste.com.br\/wp-content\/uploads\/2025\/06\/AQNxlDWG9RHD4b9o0mMLBmxLxgk0WcIpCQqx-wQJq1uWduU6cGvBhdFALvz_A6Ai15Qb0LXsPjUWrQCbSiYjY6TAt7y_LxbXn8KsPu0.mp4?_=2\" \/><a href=\"http:\/\/connectaoeste.com.br\/wp-content\/uploads\/2025\/06\/AQNxlDWG9RHD4b9o0mMLBmxLxgk0WcIpCQqx-wQJq1uWduU6cGvBhdFALvz_A6Ai15Qb0LXsPjUWrQCbSiYjY6TAt7y_LxbXn8KsPu0.mp4\">http:\/\/connectaoeste.com.br\/wp-content\/uploads\/2025\/06\/AQNxlDWG9RHD4b9o0mMLBmxLxgk0WcIpCQqx-wQJq1uWduU6cGvBhdFALvz_A6Ai15Qb0LXsPjUWrQCbSiYjY6TAt7y_LxbXn8KsPu0.mp4<\/a><\/video><\/div>\n<p>&nbsp;<\/p>\n<p>Al\u00e9m do espet\u00e1culo musical, o evento destacou-se pela organiza\u00e7\u00e3o impec\u00e1vel, pela seguran\u00e7a garantida ao p\u00fablico e pela valoriza\u00e7\u00e3o das tradi\u00e7\u00f5es nordestinas. Barracas com comidas t\u00edpicas, quadrilhas juninas e a alegria contagiante dos foli\u00f5es completaram o cen\u00e1rio de uma noite inesquec\u00edvel.<\/p>\n<p><a href=\"https:\/\/www.instagram.com\/arraiadelem.oficial\/\"><img loading=\"lazy\" decoding=\"async\" class=\"wp-image-1534 aligncenter\" src=\"http:\/\/connectaoeste.com.br\/wp-content\/uploads\/2025\/06\/cropped-728x90-1-300x37.jpg\" alt=\"\" width=\"876\" height=\"108\" srcset=\"https:\/\/connectaoeste.com.br\/wp-content\/uploads\/2025\/06\/cropped-728x90-1-300x37.jpg 300w, https:\/\/connectaoeste.com.br\/wp-content\/uploads\/2025\/06\/cropped-728x90-1-200x25.jpg 200w, https:\/\/connectaoeste.com.br\/wp-content\/uploads\/2025\/06\/cropped-728x90-1-720x90.jpg 720w, https:\/\/connectaoeste.com.br\/wp-content\/uploads\/2025\/06\/cropped-728x90-1.jpg 728w\" sizes=\"auto, (max-width: 876px) 100vw, 876px\" \/><\/a><br \/>\nO Arrai\u00e1 de LEM n\u00e3o apenas celebrou as festas juninas; ele mostrou a for\u00e7a cultural da cidade e seu potencial para grandes eventos. O segundo dia marcou um novo cap\u00edtulo na hist\u00f3ria dos festejos da cidade, deixando um gostinho de &#8220;quero mais&#8221; para os pr\u00f3ximos dias de festa.<\/p>\n<p><strong>Connecta Oeste \u2014 conectando voc\u00ea \u00e0 informa\u00e7\u00e3o de qualidade!<\/strong><\/p>\n","protected":false},"excerpt":{"rendered":"<p>Na noite de 28 de junho, a cidade de Lu\u00eds Eduardo Magalh\u00e3es viveu um dos momentos mais memor\u00e1veis de sua hist\u00f3ria recente. O segundo dia do Arrai\u00e1 de LEM 2025 transformou a cidade em um mar de alegria, cultura e emo\u00e7\u00e3o, com uma multid\u00e3o que lotou o espa\u00e7o do evento, quebrando todos os recordes de [&hellip;]<\/p>\n","protected":false},"author":1,"featured_media":1611,"comment_status":"open","ping_status":"open","sticky":false,"template":"","format":"standard","meta":{"footnotes":""},"categories":[7,8,62,63,46,1],"tags":[],"class_list":["post-1605","post","type-post","status-publish","format-standard","has-post-thumbnail","hentry","category-bahia","category-brasil","category-evento","category-festa","category-lem","category-politica"],"_links":{"self":[{"href":"https:\/\/connectaoeste.com.br\/index.php\/wp-json\/wp\/v2\/posts\/1605","targetHints":{"allow":["GET"]}}],"collection":[{"href":"https:\/\/connectaoeste.com.br\/index.php\/wp-json\/wp\/v2\/posts"}],"about":[{"href":"https:\/\/connectaoeste.com.br\/index.php\/wp-json\/wp\/v2\/types\/post"}],"author":[{"embeddable":true,"href":"https:\/\/connectaoeste.com.br\/index.php\/wp-json\/wp\/v2\/users\/1"}],"replies":[{"embeddable":true,"href":"https:\/\/connectaoeste.com.br\/index.php\/wp-json\/wp\/v2\/comments?post=1605"}],"version-history":[{"count":7,"href":"https:\/\/connectaoeste.com.br\/index.php\/wp-json\/wp\/v2\/posts\/1605\/revisions"}],"predecessor-version":[{"id":1615,"href":"https:\/\/connectaoeste.com.br\/index.php\/wp-json\/wp\/v2\/posts\/1605\/revisions\/1615"}],"wp:featuredmedia":[{"embeddable":true,"href":"https:\/\/connectaoeste.com.br\/index.php\/wp-json\/wp\/v2\/media\/1611"}],"wp:attachment":[{"href":"https:\/\/connectaoeste.com.br\/index.php\/wp-json\/wp\/v2\/media?parent=1605"}],"wp:term":[{"taxonomy":"category","embeddable":true,"href":"https:\/\/connectaoeste.com.br\/index.php\/wp-json\/wp\/v2\/categories?post=1605"},{"taxonomy":"post_tag","embeddable":true,"href":"https:\/\/connectaoeste.com.br\/index.php\/wp-json\/wp\/v2\/tags?post=1605"}],"curies":[{"name":"wp","href":"https:\/\/api.w.org\/{rel}","templated":true}]}}