{"id":1616,"date":"2025-06-30T15:19:58","date_gmt":"2025-06-30T18:19:58","guid":{"rendered":"https:\/\/connectaoeste.com.br\/?p=1616"},"modified":"2025-06-30T15:19:58","modified_gmt":"2025-06-30T18:19:58","slug":"ze-neto-cristiano-e-theuzinho-agitam-o-terceiro-dia-do-arraia-de-lem-2025","status":"publish","type":"post","link":"https:\/\/connectaoeste.com.br\/index.php\/2025\/06\/30\/ze-neto-cristiano-e-theuzinho-agitam-o-terceiro-dia-do-arraia-de-lem-2025\/","title":{"rendered":"Z\u00e9 Neto &#038; Cristiano e Theuzinho Agitam o Terceiro Dia do Arrai\u00e1 de LEM 2025."},"content":{"rendered":"<p>O terceiro dia do <strong>Arrai\u00e1 de LEM 2025<\/strong>, realizado em 29 de junho, foi simplesmente \u00e9pico, a cidade de <strong>Lu\u00eds Eduardo Magalh\u00e3es<\/strong> viveu uma noite memor\u00e1vel, marcada por apresenta\u00e7\u00f5es musicais de peso, uma multid\u00e3o vibrante e o calor t\u00edpico da tradi\u00e7\u00e3o junina nordestina.<br \/>\nDesde o in\u00edcio da tarde, o clima j\u00e1 era de festa Fam\u00edlias inteiras, grupos de amigos e turistas lotaram a pra\u00e7a principal transformada em um verdadeiro arraial com bandeirolas coloridas, comidas t\u00edpicas e muita alegria. A estrutura do evento surpreendeu mais uma vez: seguran\u00e7a refor\u00e7ada, espa\u00e7o kids, arena de shows bem organizada e op\u00e7\u00f5es gastron\u00f4micas para todos os gostos.<br \/>\nMas foi \u00e0 noite que a energia do p\u00fablico atingiu seu auge, <strong>Z\u00e9 Neto &amp; Cristiano<\/strong> uma das duplas mais aguardadas do evento, subiu ao palco sob aplausos ensurdecedores, com um repert\u00f3rio repleto de sucessos como \u201cNotifica\u00e7\u00e3o Preferida\u201d e \u201cLargado \u00e0s Tra\u00e7as\u201d, a dupla emocionou e fez o p\u00fablico cantar em un\u00edssono \u2014 foi um momento de pura sintonia entre artistas e f\u00e3s.<br \/>\nEm seguida, o carism\u00e1tico <strong>Theuzinho<\/strong> tomou conta do palco com seu estilo envolvente e presen\u00e7a de palco contagiante, ele transformou o arraial em uma pista de dan\u00e7a gigante, os hits moderno colocaram todo mundo pra dan\u00e7ar at\u00e9 altas horas.<\/p>\n<div style=\"width: 640px;\" class=\"wp-video\"><!--[if lt IE 9]><script>document.createElement('video');<\/script><![endif]-->\n<video class=\"wp-video-shortcode\" id=\"video-1616-1\" width=\"640\" height=\"1138\" preload=\"metadata\" controls=\"controls\"><source type=\"video\/mp4\" src=\"http:\/\/connectaoeste.com.br\/wp-content\/uploads\/2025\/06\/sfsf.mp4?_=1\" \/><a href=\"http:\/\/connectaoeste.com.br\/wp-content\/uploads\/2025\/06\/sfsf.mp4\">http:\/\/connectaoeste.com.br\/wp-content\/uploads\/2025\/06\/sfsf.mp4<\/a><\/video><\/div>\n<p>Al\u00e9m dessas atra\u00e7\u00f5es principais, o dia 29 contou com a presen\u00e7a de outros artistas regionais que valorizaram ainda mais a cultura local e trouxeram ritmos variados \u00e0 festa.<br \/>\nCom recorde de p\u00fablico, o terceiro dia do Arrai\u00e1 de LEM 2025 comprovou o sucesso do evento e reafirmou seu lugar entre os maiores festejos juninos da Bahia, Quem esteve presente saiu com a certeza de ter vivido uma experi\u00eancia \u00fanica \u2014 e quem n\u00e3o foi, j\u00e1 est\u00e1 se programando para os pr\u00f3ximo Dias!<br \/>\n<strong>Connecta Oeste \u2014 conectando voc\u00ea \u00e0 informa\u00e7\u00e3o de qualidade!<\/strong><\/p>\n","protected":false},"excerpt":{"rendered":"<p>O terceiro dia do Arrai\u00e1 de LEM 2025, realizado em 29 de junho, foi simplesmente \u00e9pico, a cidade de Lu\u00eds Eduardo Magalh\u00e3es viveu uma noite memor\u00e1vel, marcada por apresenta\u00e7\u00f5es musicais de peso, uma multid\u00e3o vibrante e o calor t\u00edpico da tradi\u00e7\u00e3o junina nordestina. Desde o in\u00edcio da tarde, o clima j\u00e1 era de festa Fam\u00edlias [&hellip;]<\/p>\n","protected":false},"author":1,"featured_media":1618,"comment_status":"open","ping_status":"open","sticky":false,"template":"","format":"standard","meta":{"footnotes":""},"categories":[7,62,63,46,5],"tags":[],"class_list":["post-1616","post","type-post","status-publish","format-standard","has-post-thumbnail","hentry","category-bahia","category-evento","category-festa","category-lem","category-noticias"],"_links":{"self":[{"href":"https:\/\/connectaoeste.com.br\/index.php\/wp-json\/wp\/v2\/posts\/1616","targetHints":{"allow":["GET"]}}],"collection":[{"href":"https:\/\/connectaoeste.com.br\/index.php\/wp-json\/wp\/v2\/posts"}],"about":[{"href":"https:\/\/connectaoeste.com.br\/index.php\/wp-json\/wp\/v2\/types\/post"}],"author":[{"embeddable":true,"href":"https:\/\/connectaoeste.com.br\/index.php\/wp-json\/wp\/v2\/users\/1"}],"replies":[{"embeddable":true,"href":"https:\/\/connectaoeste.com.br\/index.php\/wp-json\/wp\/v2\/comments?post=1616"}],"version-history":[{"count":2,"href":"https:\/\/connectaoeste.com.br\/index.php\/wp-json\/wp\/v2\/posts\/1616\/revisions"}],"predecessor-version":[{"id":1620,"href":"https:\/\/connectaoeste.com.br\/index.php\/wp-json\/wp\/v2\/posts\/1616\/revisions\/1620"}],"wp:featuredmedia":[{"embeddable":true,"href":"https:\/\/connectaoeste.com.br\/index.php\/wp-json\/wp\/v2\/media\/1618"}],"wp:attachment":[{"href":"https:\/\/connectaoeste.com.br\/index.php\/wp-json\/wp\/v2\/media?parent=1616"}],"wp:term":[{"taxonomy":"category","embeddable":true,"href":"https:\/\/connectaoeste.com.br\/index.php\/wp-json\/wp\/v2\/categories?post=1616"},{"taxonomy":"post_tag","embeddable":true,"href":"https:\/\/connectaoeste.com.br\/index.php\/wp-json\/wp\/v2\/tags?post=1616"}],"curies":[{"name":"wp","href":"https:\/\/api.w.org\/{rel}","templated":true}]}}