{"id":1632,"date":"2025-07-01T17:33:32","date_gmt":"2025-07-01T20:33:32","guid":{"rendered":"https:\/\/connectaoeste.com.br\/?p=1632"},"modified":"2025-07-01T17:33:32","modified_gmt":"2025-07-01T20:33:32","slug":"arraia-de-lem-2025-quarto-dia-consagra-festa-como-a-maior-do-oeste-baiano","status":"publish","type":"post","link":"https:\/\/connectaoeste.com.br\/index.php\/2025\/07\/01\/arraia-de-lem-2025-quarto-dia-consagra-festa-como-a-maior-do-oeste-baiano\/","title":{"rendered":"Arrai\u00e1 de LEM 2025: Quarto dia consagra festa como a maior do Oeste Baiano!"},"content":{"rendered":"<p><strong>Lu\u00eds Eduardo Magalh\u00e3es<\/strong> viveu uma noite apote\u00f3tica no <strong>4\u00ba dia do Arrai\u00e1 de LEM 2025<\/strong>, que entrou definitivamente para a hist\u00f3ria como um dos momentos mais marcantes da cultura nordestina na regi\u00e3o. A mistura de tradi\u00e7\u00e3o, m\u00fasica e alegria tomou conta da cidade, com um p\u00fablico recorde que vibrou do in\u00edcio ao fim!<br \/>\nAtra\u00e7\u00f5es locais abriram com brilho e talento<br \/>\nOs artistas locais subiram ao palco e mostraram a for\u00e7a da cultura regional, esquentando a multid\u00e3o com muito forr\u00f3, arrasta-p\u00e9 e carisma. As dan\u00e7as t\u00edpicas e os figurinos coloridos envolveram o p\u00fablico e criaram a atmosfera perfeita para a chegada dos grandes nomes da noite.<br \/>\nAs estrelas da noite levaram o p\u00fablico ao del\u00edrio:<\/p>\n<ul>\n<li><strong>Marcynho Sensa\u00e7\u00e3o<\/strong> transformou o espa\u00e7o em um verdadeiro \u201carrast\u00e3o do piseiro\u201d, com hits atuais e carisma contagiante. A galera foi ao ch\u00e3o (literalmente) com seus passinhos e refr\u00f5es explosivos.<\/li>\n<li><strong>Banda Magn\u00edficos<\/strong> trouxe a dose exata de romantismo e nostalgia, relembrando sucessos que marcaram gera\u00e7\u00f5es, num show emocionante que arrancou aplausos e l\u00e1grimas.<\/li>\n<li><strong>Iguinho e Lulinha<\/strong>, os irm\u00e3os que s\u00e3o febre nacional, fecharam a noite com chave de ouro, misturando forr\u00f3 estilizado, letras apaixonadas e um show de presen\u00e7a de palco que fez a multid\u00e3o cantar em coro at\u00e9 o \u00faltimo acorde.<\/li>\n<\/ul>\n<p>&nbsp;<\/p>\n<div style=\"width: 640px;\" class=\"wp-video\"><!--[if lt IE 9]><script>document.createElement('video');<\/script><![endif]-->\n<video class=\"wp-video-shortcode\" id=\"video-1632-1\" width=\"640\" height=\"1138\" preload=\"metadata\" controls=\"controls\"><source type=\"video\/mp4\" src=\"http:\/\/connectaoeste.com.br\/wp-content\/uploads\/2025\/07\/ssf.mp4?_=1\" \/><a href=\"http:\/\/connectaoeste.com.br\/wp-content\/uploads\/2025\/07\/ssf.mp4\">http:\/\/connectaoeste.com.br\/wp-content\/uploads\/2025\/07\/ssf.mp4<\/a><\/video><\/div>\n<p>&nbsp;<\/p>\n<p><strong>Ambiente familiar, seguran\u00e7a refor\u00e7ada e estrutura impec\u00e1vel<\/strong><br \/>\nA festa tamb\u00e9m foi exemplo de organiza\u00e7\u00e3o. Com espa\u00e7o amplo, pra\u00e7a de alimenta\u00e7\u00e3o diversificada e apoio das for\u00e7as de seguran\u00e7a e sa\u00fade, o Arrai\u00e1 garantiu conforto e tranquilidade para todas as idades.<br \/>\n<strong>Redes sociais bombando!<\/strong><br \/>\nO 4\u00ba dia do Arrai\u00e1 de LEM foi destaque nas redes com registros incr\u00edveis: dan\u00e7as, fogueiras, bandeirolas e muitos sorrisos. Influenciadores, fam\u00edlias inteiras e turistas mostraram que a energia dessa festa \u00e9 \u00fanica!<br \/>\n&#8220;Foi uma das melhores noites da minha vida. Ver meus \u00eddolos de perto e sentir essa energia foi emocionante&#8221;, disse Rafael, morador de LEM.<br \/>\n<strong>O Arrai\u00e1 de LEM 2025 mostra que tradi\u00e7\u00e3o e modernidade podem caminhar juntas, com muito brilho, cultura e orgulho nordestino!<\/strong><\/p>\n<p style=\"text-align: center;\"><strong>Connecta Oeste \u2014 conectando voc\u00ea \u00e0 informa\u00e7\u00e3o de qualidade!<\/strong><\/p>\n","protected":false},"excerpt":{"rendered":"<p>Lu\u00eds Eduardo Magalh\u00e3es viveu uma noite apote\u00f3tica no 4\u00ba dia do Arrai\u00e1 de LEM 2025, que entrou definitivamente para a hist\u00f3ria como um dos momentos mais marcantes da cultura nordestina na regi\u00e3o. A mistura de tradi\u00e7\u00e3o, m\u00fasica e alegria tomou conta da cidade, com um p\u00fablico recorde que vibrou do in\u00edcio ao fim! Atra\u00e7\u00f5es locais [&hellip;]<\/p>\n","protected":false},"author":1,"featured_media":1625,"comment_status":"open","ping_status":"open","sticky":false,"template":"","format":"standard","meta":{"footnotes":""},"categories":[7,8,62,63,46,5],"tags":[],"class_list":["post-1632","post","type-post","status-publish","format-standard","has-post-thumbnail","hentry","category-bahia","category-brasil","category-evento","category-festa","category-lem","category-noticias"],"_links":{"self":[{"href":"https:\/\/connectaoeste.com.br\/index.php\/wp-json\/wp\/v2\/posts\/1632","targetHints":{"allow":["GET"]}}],"collection":[{"href":"https:\/\/connectaoeste.com.br\/index.php\/wp-json\/wp\/v2\/posts"}],"about":[{"href":"https:\/\/connectaoeste.com.br\/index.php\/wp-json\/wp\/v2\/types\/post"}],"author":[{"embeddable":true,"href":"https:\/\/connectaoeste.com.br\/index.php\/wp-json\/wp\/v2\/users\/1"}],"replies":[{"embeddable":true,"href":"https:\/\/connectaoeste.com.br\/index.php\/wp-json\/wp\/v2\/comments?post=1632"}],"version-history":[{"count":2,"href":"https:\/\/connectaoeste.com.br\/index.php\/wp-json\/wp\/v2\/posts\/1632\/revisions"}],"predecessor-version":[{"id":1634,"href":"https:\/\/connectaoeste.com.br\/index.php\/wp-json\/wp\/v2\/posts\/1632\/revisions\/1634"}],"wp:featuredmedia":[{"embeddable":true,"href":"https:\/\/connectaoeste.com.br\/index.php\/wp-json\/wp\/v2\/media\/1625"}],"wp:attachment":[{"href":"https:\/\/connectaoeste.com.br\/index.php\/wp-json\/wp\/v2\/media?parent=1632"}],"wp:term":[{"taxonomy":"category","embeddable":true,"href":"https:\/\/connectaoeste.com.br\/index.php\/wp-json\/wp\/v2\/categories?post=1632"},{"taxonomy":"post_tag","embeddable":true,"href":"https:\/\/connectaoeste.com.br\/index.php\/wp-json\/wp\/v2\/tags?post=1632"}],"curies":[{"name":"wp","href":"https:\/\/api.w.org\/{rel}","templated":true}]}}