{"id":1635,"date":"2025-07-02T10:42:00","date_gmt":"2025-07-02T13:42:00","guid":{"rendered":"https:\/\/connectaoeste.com.br\/?p=1635"},"modified":"2025-07-02T12:56:49","modified_gmt":"2025-07-02T15:56:49","slug":"ultimo-dia-do-arraia-de-lem-reune-cerca-de-100-mil-pessoas-e-encerra-festa-com-chave-de-ouro","status":"publish","type":"post","link":"https:\/\/connectaoeste.com.br\/index.php\/2025\/07\/02\/ultimo-dia-do-arraia-de-lem-reune-cerca-de-100-mil-pessoas-e-encerra-festa-com-chave-de-ouro\/","title":{"rendered":"\u00daltimo dia do Arrai\u00e1 de LEM re\u00fane cerca de 100 mil pessoas e encerra festa com chave de ouro"},"content":{"rendered":"<p>O <strong>Arrai\u00e1 de Lu\u00eds Eduardo Magalh\u00e3es<\/strong> (LEM) chegou ao seu quinto e \u00faltimo dia com uma explos\u00e3o de alegria, cultura e m\u00fasica! <strong>Cerca de 100 mil pessoas<\/strong> lotaram o espa\u00e7o da festa para celebrar uma das noites mais esperadas de todo o evento, marcando o fim de um dos maiores S\u00e3o Jo\u00f5es da regi\u00e3o com grande estilo.<br \/>\n<strong>\ud83c\udf1f Atra\u00e7\u00f5es principais que levantaram o p\u00fablico<\/strong><br \/>\nO encerramento contou com artistas de peso e que j\u00e1 vinham sendo aguardados desde o in\u00edcio do Arrai\u00e1:<\/p>\n<ul>\n<li><strong>Natanzinho Lima<\/strong>, trazendo seu carisma e repert\u00f3rio contagiante.<\/li>\n<li><strong>Natan<\/strong>, que eletrizou o p\u00fablico com hits dan\u00e7antes.<\/li>\n<li>A banda <strong>Lim\u00e3o com Mel<\/strong>, \u00edcone do forr\u00f3 rom\u00e2ntico, emocionou gera\u00e7\u00f5es com cl\u00e1ssicos memor\u00e1veis.<\/li>\n<li>E para fechar com irrever\u00eancia e muita energia, <strong>O Grelo<\/strong>, que trouxe um toque especial ao palco com sua performance \u00fanica.<\/li>\n<\/ul>\n<div style=\"width: 640px;\" class=\"wp-video\"><!--[if lt IE 9]><script>document.createElement('video');<\/script><![endif]-->\n<video class=\"wp-video-shortcode\" id=\"video-1635-1\" width=\"640\" height=\"1138\" preload=\"metadata\" controls=\"controls\"><source type=\"video\/mp4\" src=\"http:\/\/connectaoeste.com.br\/wp-content\/uploads\/2025\/07\/3.mp4?_=1\" \/><a href=\"http:\/\/connectaoeste.com.br\/wp-content\/uploads\/2025\/07\/3.mp4\">http:\/\/connectaoeste.com.br\/wp-content\/uploads\/2025\/07\/3.mp4<\/a><\/video><\/div>\n<p>&nbsp;<\/p>\n<div style=\"width: 640px;\" class=\"wp-video\"><video class=\"wp-video-shortcode\" id=\"video-1635-2\" width=\"640\" height=\"1138\" preload=\"metadata\" controls=\"controls\"><source type=\"video\/mp4\" src=\"http:\/\/connectaoeste.com.br\/wp-content\/uploads\/2025\/07\/4.mp4?_=2\" \/><a href=\"http:\/\/connectaoeste.com.br\/wp-content\/uploads\/2025\/07\/4.mp4\">http:\/\/connectaoeste.com.br\/wp-content\/uploads\/2025\/07\/4.mp4<\/a><\/video><\/div>\n<p>&nbsp;<\/p>\n<div style=\"width: 640px;\" class=\"wp-video\"><video class=\"wp-video-shortcode\" id=\"video-1635-3\" width=\"640\" height=\"1138\" preload=\"metadata\" controls=\"controls\"><source type=\"video\/mp4\" src=\"http:\/\/connectaoeste.com.br\/wp-content\/uploads\/2025\/07\/2.mp4?_=3\" \/><a href=\"http:\/\/connectaoeste.com.br\/wp-content\/uploads\/2025\/07\/2.mp4\">http:\/\/connectaoeste.com.br\/wp-content\/uploads\/2025\/07\/2.mp4<\/a><\/video><\/div>\n<p>&nbsp;<\/p>\n<div style=\"width: 640px;\" class=\"wp-video\"><video class=\"wp-video-shortcode\" id=\"video-1635-4\" width=\"640\" height=\"1138\" preload=\"metadata\" controls=\"controls\"><source type=\"video\/mp4\" src=\"http:\/\/connectaoeste.com.br\/wp-content\/uploads\/2025\/07\/1.mp4?_=4\" \/><a href=\"http:\/\/connectaoeste.com.br\/wp-content\/uploads\/2025\/07\/1.mp4\">http:\/\/connectaoeste.com.br\/wp-content\/uploads\/2025\/07\/1.mp4<\/a><\/video><\/div>\n<p>&nbsp;<\/p>\n<p><strong>\ud83c\udfb6 Talentos locais tamb\u00e9m brilharam<\/strong><br \/>\nAl\u00e9m dos grandes nomes nacionais, as atra\u00e7\u00f5es locais tiveram espa\u00e7o garantido, mostrando a for\u00e7a da cultura regional e valorizando os artistas da terra, o p\u00fablico vibrou com cada apresenta\u00e7\u00e3o, numa mistura de tradi\u00e7\u00e3o, modernidade e ra\u00edzes nordestinas.<br \/>\n<strong>\ud83e\udde1 Festa que aqueceu cora\u00e7\u00f5es e aqueceu a economia<\/strong><br \/>\nO Arrai\u00e1 foi mais que entretenimento: aqueceu o com\u00e9rcio, movimentou o turismo e refor\u00e7ou o orgulho da cidade. A organiza\u00e7\u00e3o garantiu seguran\u00e7a, infraestrutura e uma experi\u00eancia memor\u00e1vel para todos os visitantes.<br \/>\n<strong>\ud83d\udcf8 Encerramento em clima de celebra\u00e7\u00e3o<\/strong><br \/>\nO quinto dia terminou sob uma chuva de aplausos, luzes e sorrisos. O <strong>Arrai\u00e1 de LEM 2025<\/strong> entra para a hist\u00f3ria como um verdadeiro sucesso popular, reafirmando seu lugar entre os principais festejos juninos da Bahia.<\/p>\n<p style=\"text-align: center;\"><strong>Connecta Oeste \u2014 conectando voc\u00ea \u00e0 informa\u00e7\u00e3o de qualidade!<\/strong><\/p>\n","protected":false},"excerpt":{"rendered":"<p>O Arrai\u00e1 de Lu\u00eds Eduardo Magalh\u00e3es (LEM) chegou ao seu quinto e \u00faltimo dia com uma explos\u00e3o de alegria, cultura e m\u00fasica! Cerca de 100 mil pessoas lotaram o espa\u00e7o da festa para celebrar uma das noites mais esperadas de todo o evento, marcando o fim de um dos maiores S\u00e3o Jo\u00f5es da regi\u00e3o com [&hellip;]<\/p>\n","protected":false},"author":1,"featured_media":1641,"comment_status":"open","ping_status":"open","sticky":false,"template":"","format":"standard","meta":{"footnotes":""},"categories":[7,62,63,46,5,1],"tags":[],"class_list":["post-1635","post","type-post","status-publish","format-standard","has-post-thumbnail","hentry","category-bahia","category-evento","category-festa","category-lem","category-noticias","category-politica"],"_links":{"self":[{"href":"https:\/\/connectaoeste.com.br\/index.php\/wp-json\/wp\/v2\/posts\/1635","targetHints":{"allow":["GET"]}}],"collection":[{"href":"https:\/\/connectaoeste.com.br\/index.php\/wp-json\/wp\/v2\/posts"}],"about":[{"href":"https:\/\/connectaoeste.com.br\/index.php\/wp-json\/wp\/v2\/types\/post"}],"author":[{"embeddable":true,"href":"https:\/\/connectaoeste.com.br\/index.php\/wp-json\/wp\/v2\/users\/1"}],"replies":[{"embeddable":true,"href":"https:\/\/connectaoeste.com.br\/index.php\/wp-json\/wp\/v2\/comments?post=1635"}],"version-history":[{"count":3,"href":"https:\/\/connectaoeste.com.br\/index.php\/wp-json\/wp\/v2\/posts\/1635\/revisions"}],"predecessor-version":[{"id":1643,"href":"https:\/\/connectaoeste.com.br\/index.php\/wp-json\/wp\/v2\/posts\/1635\/revisions\/1643"}],"wp:featuredmedia":[{"embeddable":true,"href":"https:\/\/connectaoeste.com.br\/index.php\/wp-json\/wp\/v2\/media\/1641"}],"wp:attachment":[{"href":"https:\/\/connectaoeste.com.br\/index.php\/wp-json\/wp\/v2\/media?parent=1635"}],"wp:term":[{"taxonomy":"category","embeddable":true,"href":"https:\/\/connectaoeste.com.br\/index.php\/wp-json\/wp\/v2\/categories?post=1635"},{"taxonomy":"post_tag","embeddable":true,"href":"https:\/\/connectaoeste.com.br\/index.php\/wp-json\/wp\/v2\/tags?post=1635"}],"curies":[{"name":"wp","href":"https:\/\/api.w.org\/{rel}","templated":true}]}}