{"id":1647,"date":"2025-07-04T11:25:14","date_gmt":"2025-07-04T14:25:14","guid":{"rendered":"https:\/\/connectaoeste.com.br\/?p=1647"},"modified":"2025-07-04T13:24:36","modified_gmt":"2025-07-04T16:24:36","slug":"correntina-avanca-com-o-programa-fila-zero-das-cirurgias-eletivas","status":"publish","type":"post","link":"https:\/\/connectaoeste.com.br\/index.php\/2025\/07\/04\/correntina-avanca-com-o-programa-fila-zero-das-cirurgias-eletivas\/","title":{"rendered":"Correntina aposta no programa Fila Zero das Cirurgias Eletivas."},"content":{"rendered":"<p><strong>Mais dignidade, mais sa\u00fade, mais resultados! Sa\u00fade \u00e9 prioridade.<\/strong><br \/>\nCorrentina inicia uma nova etapa na aten\u00e7\u00e3o \u00e0 sa\u00fade p\u00fablica com o lan\u00e7amento do programa Fila Zero das Cirurgias Eletivas, uma iniciativa que promete transformar a vida de quem aguarda h\u00e1 meses por um procedimento cir\u00fargico.<br \/>\nA proposta tem como foco realizar 10 cirurgias por semana, com estrutura moderna, equipe especializada e um cuidado verdadeiramente humanizado \u2014 do primeiro atendimento at\u00e9 a recupera\u00e7\u00e3o p\u00f3s-operat\u00f3ria.<\/p>\n<p><strong>\ud83d\udd0e Atendimento completo e humanizado<\/strong><br \/>\nO programa foi desenhado para garantir seguran\u00e7a, conforto e agilidade aos pacientes, e se destaca por:<\/p>\n<ul>\n<li>Consultas e exames pr\u00e9-operat\u00f3rios organizados e acolhedores.<\/li>\n<li>Cirurgias em ambiente hospitalar equipado com tecnologia.<\/li>\n<li>Equipe m\u00e9dica e multidisciplinar com treinamento espec\u00edfico.<\/li>\n<li>Acompanhamento p\u00f3s-cir\u00fargico atento \u00e0s necessidades individuais.<\/li>\n<\/ul>\n<p>Esse modelo promove uma verdadeira virada no sistema de sa\u00fade municipal, focado n\u00e3o apenas em n\u00fameros, mas na experi\u00eancia e bem-estar dos pacientes.<\/p>\n<div style=\"width: 640px;\" class=\"wp-video\"><!--[if lt IE 9]><script>document.createElement('video');<\/script><![endif]-->\n<video class=\"wp-video-shortcode\" id=\"video-1647-1\" width=\"640\" height=\"1138\" preload=\"metadata\" controls=\"controls\"><source type=\"video\/mp4\" src=\"http:\/\/connectaoeste.com.br\/wp-content\/uploads\/2025\/07\/dd.mp4?_=1\" \/><a href=\"http:\/\/connectaoeste.com.br\/wp-content\/uploads\/2025\/07\/dd.mp4\">http:\/\/connectaoeste.com.br\/wp-content\/uploads\/2025\/07\/dd.mp4<\/a><\/video><\/div>\n<p>&nbsp;<\/p>\n<p><strong>\ud83d\udcc9 Fila reduzida, dignidade ampliada<\/strong><br \/>\nA gest\u00e3o municipal j\u00e1 observa os primeiros resultados positivos: pacientes antes invisibilizados na longa fila de espera agora recebem aten\u00e7\u00e3o especializada com agilidade e respeito. A meta \u00e9 manter esse ritmo e ampliar o acesso conforme o programa evolui.<\/p>\n<p><strong>\ud83c\udf99\ufe0f Reconhecimento \u00e0 gest\u00e3o<\/strong><br \/>\nA comunidade celebra a iniciativa, parabenizando o<strong> Prefeito Mariano<\/strong>, que tem demonstrado compromisso com a sa\u00fade como uma das prioridades de seu mandato.<\/p>\n<p>\u201cEsse programa \u00e9 sobre transformar a vida das pessoas, devolver esperan\u00e7a e garantir dignidade. \u00c9 assim que fazemos sa\u00fade com responsabilidade e humanidade\u201d, <strong>declarou o prefeito<\/strong>.<\/p>\n<p style=\"text-align: center;\"><strong>Connecta Oeste \u2014 conectando voc\u00ea \u00e0 informa\u00e7\u00e3o de qualidade!<\/strong><\/p>\n","protected":false},"excerpt":{"rendered":"<p>Mais dignidade, mais sa\u00fade, mais resultados! Sa\u00fade \u00e9 prioridade. Correntina inicia uma nova etapa na aten\u00e7\u00e3o \u00e0 sa\u00fade p\u00fablica com o lan\u00e7amento do programa Fila Zero das Cirurgias Eletivas, uma iniciativa que promete transformar a vida de quem aguarda h\u00e1 meses por um procedimento cir\u00fargico. A proposta tem como foco realizar 10 cirurgias por semana, [&hellip;]<\/p>\n","protected":false},"author":1,"featured_media":1651,"comment_status":"open","ping_status":"open","sticky":false,"template":"","format":"standard","meta":{"footnotes":""},"categories":[7,45,5,64],"tags":[],"class_list":["post-1647","post","type-post","status-publish","format-standard","has-post-thumbnail","hentry","category-bahia","category-correntina","category-noticias","category-saude"],"_links":{"self":[{"href":"https:\/\/connectaoeste.com.br\/index.php\/wp-json\/wp\/v2\/posts\/1647","targetHints":{"allow":["GET"]}}],"collection":[{"href":"https:\/\/connectaoeste.com.br\/index.php\/wp-json\/wp\/v2\/posts"}],"about":[{"href":"https:\/\/connectaoeste.com.br\/index.php\/wp-json\/wp\/v2\/types\/post"}],"author":[{"embeddable":true,"href":"https:\/\/connectaoeste.com.br\/index.php\/wp-json\/wp\/v2\/users\/1"}],"replies":[{"embeddable":true,"href":"https:\/\/connectaoeste.com.br\/index.php\/wp-json\/wp\/v2\/comments?post=1647"}],"version-history":[{"count":5,"href":"https:\/\/connectaoeste.com.br\/index.php\/wp-json\/wp\/v2\/posts\/1647\/revisions"}],"predecessor-version":[{"id":1654,"href":"https:\/\/connectaoeste.com.br\/index.php\/wp-json\/wp\/v2\/posts\/1647\/revisions\/1654"}],"wp:featuredmedia":[{"embeddable":true,"href":"https:\/\/connectaoeste.com.br\/index.php\/wp-json\/wp\/v2\/media\/1651"}],"wp:attachment":[{"href":"https:\/\/connectaoeste.com.br\/index.php\/wp-json\/wp\/v2\/media?parent=1647"}],"wp:term":[{"taxonomy":"category","embeddable":true,"href":"https:\/\/connectaoeste.com.br\/index.php\/wp-json\/wp\/v2\/categories?post=1647"},{"taxonomy":"post_tag","embeddable":true,"href":"https:\/\/connectaoeste.com.br\/index.php\/wp-json\/wp\/v2\/tags?post=1647"}],"curies":[{"name":"wp","href":"https:\/\/api.w.org\/{rel}","templated":true}]}}