{"id":1655,"date":"2025-07-08T17:15:01","date_gmt":"2025-07-08T20:15:01","guid":{"rendered":"https:\/\/connectaoeste.com.br\/?p=1655"},"modified":"2025-07-08T17:20:58","modified_gmt":"2025-07-08T20:20:58","slug":"gripe-em-alta-governo-libera-verba-extra-para-reforcar-atendimento-publico","status":"publish","type":"post","link":"https:\/\/connectaoeste.com.br\/index.php\/2025\/07\/08\/gripe-em-alta-governo-libera-verba-extra-para-reforcar-atendimento-publico\/","title":{"rendered":"Gripe em alta: governo libera verba extra para refor\u00e7ar atendimento p\u00fablico."},"content":{"rendered":"<p>Com o avan\u00e7o do inverno e a queda nas temperaturas em diversas regi\u00f5es do Brasil, os casos de gripe t\u00eam registrado crescimento significativo, O Minist\u00e9rio da Sa\u00fade emitiu um alerta nacional sobre a eleva\u00e7\u00e3o das s\u00edndromes gripais e anunciou a libera\u00e7\u00e3o de R$ 50 milh\u00f5es extras para refor\u00e7ar o atendimento na rede p\u00fablica.<br \/>\nSegundo dados da pasta, nas \u00faltimas semanas houve um aumento preocupante nas interna\u00e7\u00f5es por Influenza e outras doen\u00e7as respirat\u00f3rias, especialmente em crian\u00e7as e idosos \u2014 grupos considerados mais vulner\u00e1veis. Os recursos ser\u00e3o destinados \u00e0 amplia\u00e7\u00e3o da capacidade hospitalar do Sistema \u00danico de Sa\u00fade (SUS), com foco em atendimento emergencial, aquisi\u00e7\u00e3o de insumos e refor\u00e7o das equipes m\u00e9dicas.<\/p>\n<p><a href=\"https:\/\/www.tiktok.com\/@turmadomodao\"><img loading=\"lazy\" decoding=\"async\" class=\" wp-image-1603 aligncenter\" src=\"http:\/\/connectaoeste.com.br\/wp-content\/uploads\/2025\/06\/BANER-300x47.png\" alt=\"\" width=\"607\" height=\"95\" srcset=\"https:\/\/connectaoeste.com.br\/wp-content\/uploads\/2025\/06\/BANER-300x47.png 300w, https:\/\/connectaoeste.com.br\/wp-content\/uploads\/2025\/06\/BANER-1024x160.png 1024w, https:\/\/connectaoeste.com.br\/wp-content\/uploads\/2025\/06\/BANER-768x120.png 768w, https:\/\/connectaoeste.com.br\/wp-content\/uploads\/2025\/06\/BANER-1536x240.png 1536w, https:\/\/connectaoeste.com.br\/wp-content\/uploads\/2025\/06\/BANER-200x31.png 200w, https:\/\/connectaoeste.com.br\/wp-content\/uploads\/2025\/06\/BANER.png 1920w\" sizes=\"auto, (max-width: 607px) 100vw, 607px\" \/><\/a><strong>\ud83c\udf21\ufe0f Vacina\u00e7\u00e3o ainda \u00e9 a principal arma<\/strong><br \/>\nMesmo com campanhas em andamento, a ades\u00e3o \u00e0 vacina contra gripe ainda \u00e9 considerada baixa em v\u00e1rios munic\u00edpios, A recomenda\u00e7\u00e3o da Sa\u00fade \u00e9 que todos os grupos priorit\u00e1rios \u2014 gestantes, pu\u00e9rperas, idosos, profissionais da sa\u00fade, pessoas com comorbidades, entre outros \u2014 busquem os postos o quanto antes.<br \/>\nEm Santa Maria da Vit\u00f3ria, na Bahia, unidades de sa\u00fade t\u00eam refor\u00e7ado os hor\u00e1rios de vacina\u00e7\u00e3o e ampliado a divulga\u00e7\u00e3o local, A Secretaria Municipal de Sa\u00fade tamb\u00e9m intensificou a\u00e7\u00f5es educativas nas escolas e espa\u00e7os p\u00fablicos.<br \/>\n<strong>\ud83d\udcac Autoridades pedem cautela<\/strong><br \/>\n\u201cEste recurso adicional vai ajudar a descongestionar unidades com alta demanda e garantir que a popula\u00e7\u00e3o tenha atendimento adequado\u201d, afirmou a ministra da Sa\u00fade, N\u00edsia Trindade, ao comentar a medida.<br \/>\nAs autoridades refor\u00e7am que medidas simples \u2014 como higieniza\u00e7\u00e3o das m\u00e3os, uso de m\u00e1scara em ambientes fechados e evitar aglomera\u00e7\u00f5es \u2014 continuam eficazes para frear a dissemina\u00e7\u00e3o da gripe e de outros v\u00edrus respirat\u00f3rios.<\/p>\n<p style=\"text-align: center;\"><strong>Connecta Oeste \u2014 conectando voc\u00ea \u00e0 informa\u00e7\u00e3o de qualidade!<\/strong><\/p>\n","protected":false},"excerpt":{"rendered":"<p>Com o avan\u00e7o do inverno e a queda nas temperaturas em diversas regi\u00f5es do Brasil, os casos de gripe t\u00eam registrado crescimento significativo, O Minist\u00e9rio da Sa\u00fade emitiu um alerta nacional sobre a eleva\u00e7\u00e3o das s\u00edndromes gripais e anunciou a libera\u00e7\u00e3o de R$ 50 milh\u00f5es extras para refor\u00e7ar o atendimento na rede p\u00fablica. Segundo dados [&hellip;]<\/p>\n","protected":false},"author":1,"featured_media":1656,"comment_status":"open","ping_status":"open","sticky":false,"template":"","format":"standard","meta":{"footnotes":""},"categories":[8,5,64],"tags":[],"class_list":["post-1655","post","type-post","status-publish","format-standard","has-post-thumbnail","hentry","category-brasil","category-noticias","category-saude"],"_links":{"self":[{"href":"https:\/\/connectaoeste.com.br\/index.php\/wp-json\/wp\/v2\/posts\/1655","targetHints":{"allow":["GET"]}}],"collection":[{"href":"https:\/\/connectaoeste.com.br\/index.php\/wp-json\/wp\/v2\/posts"}],"about":[{"href":"https:\/\/connectaoeste.com.br\/index.php\/wp-json\/wp\/v2\/types\/post"}],"author":[{"embeddable":true,"href":"https:\/\/connectaoeste.com.br\/index.php\/wp-json\/wp\/v2\/users\/1"}],"replies":[{"embeddable":true,"href":"https:\/\/connectaoeste.com.br\/index.php\/wp-json\/wp\/v2\/comments?post=1655"}],"version-history":[{"count":3,"href":"https:\/\/connectaoeste.com.br\/index.php\/wp-json\/wp\/v2\/posts\/1655\/revisions"}],"predecessor-version":[{"id":1659,"href":"https:\/\/connectaoeste.com.br\/index.php\/wp-json\/wp\/v2\/posts\/1655\/revisions\/1659"}],"wp:featuredmedia":[{"embeddable":true,"href":"https:\/\/connectaoeste.com.br\/index.php\/wp-json\/wp\/v2\/media\/1656"}],"wp:attachment":[{"href":"https:\/\/connectaoeste.com.br\/index.php\/wp-json\/wp\/v2\/media?parent=1655"}],"wp:term":[{"taxonomy":"category","embeddable":true,"href":"https:\/\/connectaoeste.com.br\/index.php\/wp-json\/wp\/v2\/categories?post=1655"},{"taxonomy":"post_tag","embeddable":true,"href":"https:\/\/connectaoeste.com.br\/index.php\/wp-json\/wp\/v2\/tags?post=1655"}],"curies":[{"name":"wp","href":"https:\/\/api.w.org\/{rel}","templated":true}]}}