{"id":1660,"date":"2025-07-10T19:09:53","date_gmt":"2025-07-10T22:09:53","guid":{"rendered":"https:\/\/connectaoeste.com.br\/?p=1660"},"modified":"2025-07-10T19:09:53","modified_gmt":"2025-07-10T22:09:53","slug":"procurador-geral-do-ministerio-publico-da-bahia-visita-luis-eduardo-magalhaes-e-anuncia-futura-sede-do-mp-no-municipio","status":"publish","type":"post","link":"https:\/\/connectaoeste.com.br\/index.php\/2025\/07\/10\/procurador-geral-do-ministerio-publico-da-bahia-visita-luis-eduardo-magalhaes-e-anuncia-futura-sede-do-mp-no-municipio\/","title":{"rendered":"Procurador-Geral do Minist\u00e9rio P\u00fablico da Bahia visita Lu\u00eds Eduardo Magalh\u00e3es e anuncia futura sede do MP no munic\u00edpio."},"content":{"rendered":"<p>O Procurador-Geral de Justi\u00e7a da Bahia, Bruno Maia, visitou o munic\u00edpio de Lu\u00eds Eduardo Magalh\u00e3es no fim da manh\u00e3 desta quarta-feira (09), acompanhado de comitiva, para conhecer a \u00e1rea destinada \u00e0 constru\u00e7\u00e3o da futura sede do Minist\u00e9rio P\u00fablico da Bahia (MPBA) na cidade.<br \/>\nDurante a visita, o procurador foi recepcionado pelo prefeito Junior Marab\u00e1, pela primeira-dama Cinthya Borges, al\u00e9m de secret\u00e1rios municipais e vereadores. O encontro marca um passo importante na consolida\u00e7\u00e3o das institui\u00e7\u00f5es p\u00fablicas no munic\u00edpio.<\/p>\n<p><img loading=\"lazy\" decoding=\"async\" class=\" wp-image-1662 aligncenter\" src=\"http:\/\/connectaoeste.com.br\/wp-content\/uploads\/2025\/07\/WhatsApp-Image-2025-07-10-at-16.54.20-300x200.jpeg\" alt=\"\" width=\"572\" height=\"381\" srcset=\"https:\/\/connectaoeste.com.br\/wp-content\/uploads\/2025\/07\/WhatsApp-Image-2025-07-10-at-16.54.20-300x200.jpeg 300w, https:\/\/connectaoeste.com.br\/wp-content\/uploads\/2025\/07\/WhatsApp-Image-2025-07-10-at-16.54.20-1024x682.jpeg 1024w, https:\/\/connectaoeste.com.br\/wp-content\/uploads\/2025\/07\/WhatsApp-Image-2025-07-10-at-16.54.20-768x512.jpeg 768w, https:\/\/connectaoeste.com.br\/wp-content\/uploads\/2025\/07\/WhatsApp-Image-2025-07-10-at-16.54.20-1536x1023.jpeg 1536w, https:\/\/connectaoeste.com.br\/wp-content\/uploads\/2025\/07\/WhatsApp-Image-2025-07-10-at-16.54.20-200x133.jpeg 200w, https:\/\/connectaoeste.com.br\/wp-content\/uploads\/2025\/07\/WhatsApp-Image-2025-07-10-at-16.54.20.jpeg 1600w\" sizes=\"auto, (max-width: 572px) 100vw, 572px\" \/><\/p>\n<p><img loading=\"lazy\" decoding=\"async\" class=\" wp-image-1661 aligncenter\" src=\"http:\/\/connectaoeste.com.br\/wp-content\/uploads\/2025\/07\/WhatsApp-Image-2025-07-10-at-16.54.20-1-300x200.jpeg\" alt=\"\" width=\"578\" height=\"385\" srcset=\"https:\/\/connectaoeste.com.br\/wp-content\/uploads\/2025\/07\/WhatsApp-Image-2025-07-10-at-16.54.20-1-300x200.jpeg 300w, https:\/\/connectaoeste.com.br\/wp-content\/uploads\/2025\/07\/WhatsApp-Image-2025-07-10-at-16.54.20-1-1024x682.jpeg 1024w, https:\/\/connectaoeste.com.br\/wp-content\/uploads\/2025\/07\/WhatsApp-Image-2025-07-10-at-16.54.20-1-768x512.jpeg 768w, https:\/\/connectaoeste.com.br\/wp-content\/uploads\/2025\/07\/WhatsApp-Image-2025-07-10-at-16.54.20-1-1536x1023.jpeg 1536w, https:\/\/connectaoeste.com.br\/wp-content\/uploads\/2025\/07\/WhatsApp-Image-2025-07-10-at-16.54.20-1-200x133.jpeg 200w, https:\/\/connectaoeste.com.br\/wp-content\/uploads\/2025\/07\/WhatsApp-Image-2025-07-10-at-16.54.20-1.jpeg 1600w\" sizes=\"auto, (max-width: 578px) 100vw, 578px\" \/><\/p>\n<p>O prefeito destacou a import\u00e2ncia do fortalecimento das institui\u00e7\u00f5es na cidade, que cresce de forma acelerada. \u201c\u00c9 muito importante ver as institui\u00e7\u00f5es de Lu\u00eds Eduardo Magalh\u00e3es crescendo. Nossa cidade se desenvolve rapidamente, e os servi\u00e7os p\u00fablicos precisam acompanhar esse ritmo. O Minist\u00e9rio P\u00fablico representa um atendimento essencial \u00e0 sociedade. J\u00e1 temos aqui a Prefeitura, o F\u00f3rum, a OAB, a C\u00e2mara Municipal, e a presen\u00e7a do MP \u00e9 fundamental. Quanto mais acess\u00edvel for esse servi\u00e7o, mais justi\u00e7a social conseguimos entregar. A cidade cresce, e com ela, crescem as demandas da popula\u00e7\u00e3o. Ter o Minist\u00e9rio P\u00fablico garantindo os direitos fundamentais \u00e9 essencial para quem escolheu LEM para viver e buscar uma vida melhor\u201d, afirmou Junior Marab\u00e1. O Procurador-Geral refor\u00e7ou o compromisso do MPBA com o munic\u00edpio e destacou que a constru\u00e7\u00e3o da sede est\u00e1 entre as prioridades da gest\u00e3o. \u201cCom esse espa\u00e7o, o Minist\u00e9rio P\u00fablico estar\u00e1 mais presente, com mais estrutura e condi\u00e7\u00f5es de fazer ainda mais por essa popula\u00e7\u00e3o. Nossa presen\u00e7a em Lu\u00eds Eduardo Magalh\u00e3es \u00e9 para efetivar direitos fundamentais e promover justi\u00e7a social em uma regi\u00e3o pr\u00f3spera e que valorizamos muito. \u00c9 uma grande alegria estar aqui como chefe do Minist\u00e9rio P\u00fablico da Bahia. Assumo o compromisso de, a partir da regulariza\u00e7\u00e3o do terreno, conduzir a constru\u00e7\u00e3o e entrega dessa sede t\u00e3o aguardada com a maior celeridade poss\u00edvel\u201d, declarou Bruno Maia.<\/p>\n<p>O projeto de doa\u00e7\u00e3o do terreno para constru\u00e7\u00e3o da sede do MPBA ser\u00e1 encaminhado \u00e0 C\u00e2mara de Vereadores em breve, e de acordo com o presidente da casa Reinildo Nery, apreciada e aprovada com celeridade.<\/p>\n<p style=\"text-align: center;\"><strong>Connecta Oeste \u2014 conectando voc\u00ea \u00e0 informa\u00e7\u00e3o de qualidade!<\/strong><\/p>\n","protected":false},"excerpt":{"rendered":"<p>O Procurador-Geral de Justi\u00e7a da Bahia, Bruno Maia, visitou o munic\u00edpio de Lu\u00eds Eduardo Magalh\u00e3es no fim da manh\u00e3 desta quarta-feira (09), acompanhado de comitiva, para conhecer a \u00e1rea destinada \u00e0 constru\u00e7\u00e3o da futura sede do Minist\u00e9rio P\u00fablico da Bahia (MPBA) na cidade. Durante a visita, o procurador foi recepcionado pelo prefeito Junior Marab\u00e1, pela [&hellip;]<\/p>\n","protected":false},"author":1,"featured_media":1663,"comment_status":"open","ping_status":"open","sticky":false,"template":"","format":"standard","meta":{"footnotes":""},"categories":[7,8,46,5,1],"tags":[],"class_list":["post-1660","post","type-post","status-publish","format-standard","has-post-thumbnail","hentry","category-bahia","category-brasil","category-lem","category-noticias","category-politica"],"_links":{"self":[{"href":"https:\/\/connectaoeste.com.br\/index.php\/wp-json\/wp\/v2\/posts\/1660","targetHints":{"allow":["GET"]}}],"collection":[{"href":"https:\/\/connectaoeste.com.br\/index.php\/wp-json\/wp\/v2\/posts"}],"about":[{"href":"https:\/\/connectaoeste.com.br\/index.php\/wp-json\/wp\/v2\/types\/post"}],"author":[{"embeddable":true,"href":"https:\/\/connectaoeste.com.br\/index.php\/wp-json\/wp\/v2\/users\/1"}],"replies":[{"embeddable":true,"href":"https:\/\/connectaoeste.com.br\/index.php\/wp-json\/wp\/v2\/comments?post=1660"}],"version-history":[{"count":4,"href":"https:\/\/connectaoeste.com.br\/index.php\/wp-json\/wp\/v2\/posts\/1660\/revisions"}],"predecessor-version":[{"id":1667,"href":"https:\/\/connectaoeste.com.br\/index.php\/wp-json\/wp\/v2\/posts\/1660\/revisions\/1667"}],"wp:featuredmedia":[{"embeddable":true,"href":"https:\/\/connectaoeste.com.br\/index.php\/wp-json\/wp\/v2\/media\/1663"}],"wp:attachment":[{"href":"https:\/\/connectaoeste.com.br\/index.php\/wp-json\/wp\/v2\/media?parent=1660"}],"wp:term":[{"taxonomy":"category","embeddable":true,"href":"https:\/\/connectaoeste.com.br\/index.php\/wp-json\/wp\/v2\/categories?post=1660"},{"taxonomy":"post_tag","embeddable":true,"href":"https:\/\/connectaoeste.com.br\/index.php\/wp-json\/wp\/v2\/tags?post=1660"}],"curies":[{"name":"wp","href":"https:\/\/api.w.org\/{rel}","templated":true}]}}