{"id":1704,"date":"2025-07-21T11:31:05","date_gmt":"2025-07-21T14:31:05","guid":{"rendered":"https:\/\/connectaoeste.com.br\/?p=1704"},"modified":"2025-07-21T11:32:36","modified_gmt":"2025-07-21T14:32:36","slug":"preta-gil-morre-aos-50-anos-legado-de-forca-arte-e-representatividade","status":"publish","type":"post","link":"https:\/\/connectaoeste.com.br\/index.php\/2025\/07\/21\/preta-gil-morre-aos-50-anos-legado-de-forca-arte-e-representatividade\/","title":{"rendered":"Preta Gil morre aos 50 anos: legado de for\u00e7a, arte e representatividade."},"content":{"rendered":"<p><!--StartFragment --><\/p>\n<p>A cantora, atriz e empres\u00e1ria <strong>Preta Gil faleceu neste domingo (20 de julho de 2025)<\/strong>, aos 50 anos, em Nova York, v\u00edtima de complica\u00e7\u00f5es de um c\u00e2ncer no intestino que enfrentava desde 2023. Filha de Gilberto Gil e afilhada de Gal Costa, Preta deixa um legado marcante na m\u00fasica brasileira, na televis\u00e3o e na luta por inclus\u00e3o e diversidade.<\/p>\n<h2>\ud83c\udfa4 Trajet\u00f3ria art\u00edstica<\/h2>\n<ul>\n<li>Lan\u00e7ou seu primeiro \u00e1lbum, <em>Pr\u00eat-\u00e0-Porter<\/em>, em 2003, com o hit \u201cSinais de Fogo\u201d<\/li>\n<li>Criou o ic\u00f4nico <em>Bloco da Preta<\/em>, que arrastou multid\u00f5es no carnaval carioca<\/li>\n<li>Participou de novelas, programas de TV e filmes, como <em>Vai que Cola<\/em> e <em>Cr\u00f4 em Fam\u00edlia<\/em><\/li>\n<li>Gravou parcerias com artistas como Ivete Sangalo, Lulu Santos, Anitta e Pabllo Vittar<\/li>\n<\/ul>\n<h2>\ud83d\udcaa Luta contra o c\u00e2ncer<\/h2>\n<ul>\n<li>Diagnosticada com c\u00e2ncer colorretal em janeiro de 2023<\/li>\n<li>Passou por cirurgia, quimioterapia e radioterapia no Brasil<\/li>\n<li>Em 2025, iniciou tratamento experimental nos Estados Unidos<\/li>\n<li>Enfrentava quatro tumores, incluindo met\u00e1stases no perit\u00f4nio e ureter<\/li>\n<\/ul>\n<h2>\ud83d\udc69\u200d\ud83d\udc67 Vida pessoal e ativismo<\/h2>\n<ul>\n<li>M\u00e3e de Francisco Gil e av\u00f3 de Sol de Maria<\/li>\n<li>Militante contra o racismo, gordofobia e em defesa da comunidade LGBTQIAP+<\/li>\n<li>Fundadora da ag\u00eancia Mynd, voltada para diversidade e influenciadores digitais<\/li>\n<li>Lan\u00e7ou sua biografia <em>Preta: Os Primeiros 50<\/em> em 2024<\/li>\n<\/ul>\n<h2>\ud83c\udf1f Repercuss\u00e3o e homenagens<\/h2>\n<p>A morte de Preta Gil gerou como\u00e7\u00e3o nacional. Artistas, pol\u00edticos e f\u00e3s prestaram homenagens nas redes sociais. Gilberto Gil, seu pai, divulgou nota emocionada sobre a repatria\u00e7\u00e3o do corpo. Flora Gil, madrasta da cantora, compartilhou relatos comoventes sobre os \u00faltimos dias ao lado de Preta.<\/p>\n<p>Preta Gil ser\u00e1 lembrada como uma mulher que desafiou padr\u00f5es, celebrou sua identidade e inspirou gera\u00e7\u00f5es com sua autenticidade e coragem.<\/p>\n<p><a href=\"https:\/\/l.instagram.com\/?u=https%3A%2F%2Fwa.me%2Fmessage%2FYPXTN46DAEYOM1%3Ffbclid%3DPAZXh0bgNhZW0CMTEAAaejvUf8_vdYJ6QzMEu1a9KWoYP5EUTP1WtuSiYcrmv9Kq4mZ5yvHxJHsbQMdQ_aem_mLNn5rQ1vzg0SWL-7Dfp1Q&amp;e=AT28hfQ2F1tODlJ_AnQCCpC8CMzlor4VSV11TbJ8etwFDdkrQ2EllCdGKzAnzEX-OtWoGIHVIwCSmvBP-IE3J--6JyDGYw6jpmPeeQA\"><img loading=\"lazy\" decoding=\"async\" class=\"wp-image-1678 aligncenter\" src=\"http:\/\/connectaoeste.com.br\/wp-content\/uploads\/2025\/07\/connecta-oeste-300x58.png\" alt=\"\" width=\"502\" height=\"97\" srcset=\"https:\/\/connectaoeste.com.br\/wp-content\/uploads\/2025\/07\/connecta-oeste-300x58.png 300w, https:\/\/connectaoeste.com.br\/wp-content\/uploads\/2025\/07\/connecta-oeste-1024x199.png 1024w, https:\/\/connectaoeste.com.br\/wp-content\/uploads\/2025\/07\/connecta-oeste-768x150.png 768w, https:\/\/connectaoeste.com.br\/wp-content\/uploads\/2025\/07\/connecta-oeste-1536x299.png 1536w, https:\/\/connectaoeste.com.br\/wp-content\/uploads\/2025\/07\/connecta-oeste-2048x399.png 2048w, https:\/\/connectaoeste.com.br\/wp-content\/uploads\/2025\/07\/connecta-oeste-200x39.png 200w\" sizes=\"auto, (max-width: 502px) 100vw, 502px\" \/><\/a><\/p>\n<p style=\"text-align: center;\"><strong>Connecta Oeste \u2014 conectando voc\u00ea \u00e0 informa\u00e7\u00e3o de qualidade!<\/strong><\/p>\n<p><!--EndFragment --><\/p>\n","protected":false},"excerpt":{"rendered":"<p>A cantora, atriz e empres\u00e1ria Preta Gil faleceu neste domingo (20 de julho de 2025), aos 50 anos, em Nova York, v\u00edtima de complica\u00e7\u00f5es de um c\u00e2ncer no intestino que enfrentava desde 2023. Filha de Gilberto Gil e afilhada de Gal Costa, Preta deixa um legado marcante na m\u00fasica brasileira, na televis\u00e3o e na luta [&hellip;]<\/p>\n","protected":false},"author":1,"featured_media":1705,"comment_status":"open","ping_status":"open","sticky":false,"template":"","format":"standard","meta":{"footnotes":""},"categories":[8,9,5,64],"tags":[],"class_list":["post-1704","post","type-post","status-publish","format-standard","has-post-thumbnail","hentry","category-brasil","category-mundo","category-noticias","category-saude"],"_links":{"self":[{"href":"https:\/\/connectaoeste.com.br\/index.php\/wp-json\/wp\/v2\/posts\/1704","targetHints":{"allow":["GET"]}}],"collection":[{"href":"https:\/\/connectaoeste.com.br\/index.php\/wp-json\/wp\/v2\/posts"}],"about":[{"href":"https:\/\/connectaoeste.com.br\/index.php\/wp-json\/wp\/v2\/types\/post"}],"author":[{"embeddable":true,"href":"https:\/\/connectaoeste.com.br\/index.php\/wp-json\/wp\/v2\/users\/1"}],"replies":[{"embeddable":true,"href":"https:\/\/connectaoeste.com.br\/index.php\/wp-json\/wp\/v2\/comments?post=1704"}],"version-history":[{"count":4,"href":"https:\/\/connectaoeste.com.br\/index.php\/wp-json\/wp\/v2\/posts\/1704\/revisions"}],"predecessor-version":[{"id":1709,"href":"https:\/\/connectaoeste.com.br\/index.php\/wp-json\/wp\/v2\/posts\/1704\/revisions\/1709"}],"wp:featuredmedia":[{"embeddable":true,"href":"https:\/\/connectaoeste.com.br\/index.php\/wp-json\/wp\/v2\/media\/1705"}],"wp:attachment":[{"href":"https:\/\/connectaoeste.com.br\/index.php\/wp-json\/wp\/v2\/media?parent=1704"}],"wp:term":[{"taxonomy":"category","embeddable":true,"href":"https:\/\/connectaoeste.com.br\/index.php\/wp-json\/wp\/v2\/categories?post=1704"},{"taxonomy":"post_tag","embeddable":true,"href":"https:\/\/connectaoeste.com.br\/index.php\/wp-json\/wp\/v2\/tags?post=1704"}],"curies":[{"name":"wp","href":"https:\/\/api.w.org\/{rel}","templated":true}]}}