{"id":1710,"date":"2025-07-22T12:26:28","date_gmt":"2025-07-22T15:26:28","guid":{"rendered":"https:\/\/connectaoeste.com.br\/?p=1710"},"modified":"2025-07-22T12:26:28","modified_gmt":"2025-07-22T15:26:28","slug":"carro-invade-shopping-flamboyant-e-causa-panico-em-goiania","status":"publish","type":"post","link":"https:\/\/connectaoeste.com.br\/index.php\/2025\/07\/22\/carro-invade-shopping-flamboyant-e-causa-panico-em-goiania\/","title":{"rendered":"Carro invade Shopping Flamboyant e causa p\u00e2nico em Goi\u00e2nia"},"content":{"rendered":"<p><!--StartFragment --><\/p>\n<p>Na noite de segunda-feira, 21 de julho de 2025, um epis\u00f3dio inusitado e alarmante marcou o cotidiano dos frequentadores do Shopping Flamboyant, localizado no Jardim Goi\u00e1s, em Goi\u00e2nia. Um ve\u00edculo Volkswagen Gol prata invadiu o segundo andar do centro comercial, provocando correria, gritos e danos materiais, mas felizmente sem deixar feridos.<\/p>\n<div style=\"width: 480px;\" class=\"wp-video\"><!--[if lt IE 9]><script>document.createElement('video');<\/script><![endif]-->\n<video class=\"wp-video-shortcode\" id=\"video-1710-1\" width=\"480\" height=\"848\" preload=\"metadata\" controls=\"controls\"><source type=\"video\/mp4\" src=\"http:\/\/connectaoeste.com.br\/wp-content\/uploads\/2025\/07\/WhatsApp-Video-2025-07-22-at-11.56.24.mp4?_=1\" \/><a href=\"http:\/\/connectaoeste.com.br\/wp-content\/uploads\/2025\/07\/WhatsApp-Video-2025-07-22-at-11.56.24.mp4\">http:\/\/connectaoeste.com.br\/wp-content\/uploads\/2025\/07\/WhatsApp-Video-2025-07-22-at-11.56.24.mp4<\/a><\/video><\/div>\n<h3>\ud83d\ude97 Como aconteceu<\/h3>\n<ul>\n<li>O incidente ocorreu por volta das <strong>20h45<\/strong>, quando o carro entrou em alta velocidade por uma entrada lateral entre uma farm\u00e1cia e um restaurante.<\/li>\n<li>O ve\u00edculo <strong>quebrou uma porta de vidro<\/strong> e percorreu cerca de <strong>50 metros<\/strong> pelos corredores do shopping.<\/li>\n<li>Um <strong>quiosque comercial foi completamente destru\u00eddo<\/strong>, com produtos espalhados pelo ch\u00e3o e funcion\u00e1rios tentando recolher os itens.<\/li>\n<\/ul>\n<p><a href=\"https:\/\/w.app\/jlrvsq\"><img loading=\"lazy\" decoding=\"async\" class=\"wp-image-1714 aligncenter\" src=\"http:\/\/connectaoeste.com.br\/wp-content\/uploads\/2025\/07\/BANER-300x65.png\" alt=\"\" width=\"725\" height=\"157\" \/><\/a><\/p>\n<h3>\ud83d\udc6e\u200d\u2642\ufe0f A\u00e7\u00e3o r\u00e1pida da seguran\u00e7a<\/h3>\n<ul>\n<li>Imediatamente ap\u00f3s a invas\u00e3o, <strong>seguran\u00e7as do shopping correram atr\u00e1s do carro<\/strong> e conseguiram conter o motorista.<\/li>\n<li>O condutor foi <strong>preso em flagrante pela Pol\u00edcia Militar<\/strong> e encaminhado \u00e0 Central de Flagrantes.<\/li>\n<li>A identidade do motorista n\u00e3o foi divulgada, mas h\u00e1 suspeitas de que ele estivesse <strong>embriagado ou em surto<\/strong>, segundo relatos de testemunhas.<\/li>\n<\/ul>\n<h3>\u2696\ufe0f Investiga\u00e7\u00e3o em andamento<\/h3>\n<ul>\n<li>A <strong>Pol\u00edcia Civil instaurou inqu\u00e9rito<\/strong> para apurar os fatos e investigar se houve uso de \u00e1lcool ou entorpecentes.<\/li>\n<li>O motorista poder\u00e1 responder por:\n<ul>\n<li><strong>Dire\u00e7\u00e3o perigosa<\/strong><\/li>\n<li><strong>Dano ao patrim\u00f4nio privado<\/strong><\/li>\n<li><strong>Colocar em risco a integridade f\u00edsica de terceiros<\/strong>, conforme o C\u00f3digo Penal e o C\u00f3digo de Tr\u00e2nsito Brasileiro.<\/li>\n<\/ul>\n<\/li>\n<\/ul>\n<h3>\ud83d\udecd\ufe0f Repercuss\u00e3o e medidas<\/h3>\n<ul>\n<li>A administra\u00e7\u00e3o do Flamboyant Shopping informou que o caso resultou <strong>exclusivamente em danos materiais<\/strong> e que a situa\u00e7\u00e3o foi controlada rapidamente.<\/li>\n<li>A <strong>Associa\u00e7\u00e3o de Lojistas do Flamboyant (ASLOF)<\/strong> garantiu que o epis\u00f3dio foi pontual e que <strong>n\u00e3o h\u00e1 risco cont\u00ednuo \u00e0 seguran\u00e7a<\/strong> de clientes e funcion\u00e1rios.<\/li>\n<li>As atividades do shopping seguiram normalmente ap\u00f3s o ocorrido, e o quiosque atingido ser\u00e1 reconstru\u00eddo nos pr\u00f3ximos dias.<\/li>\n<\/ul>\n<p>Esse incidente reacendeu lembran\u00e7as de uma trag\u00e9dia ocorrida no mesmo shopping em 2009, quando um avi\u00e3o caiu no estacionamento, tamb\u00e9m sem sobreviventes.<\/p>\n<p style=\"text-align: center;\"><strong>Connecta Oeste \u2014 conectando voc\u00ea \u00e0 informa\u00e7\u00e3o de qualidade!<\/strong><\/p>\n<p><!--EndFragment --><\/p>\n","protected":false},"excerpt":{"rendered":"<p>Na noite de segunda-feira, 21 de julho de 2025, um epis\u00f3dio inusitado e alarmante marcou o cotidiano dos frequentadores do Shopping Flamboyant, localizado no Jardim Goi\u00e1s, em Goi\u00e2nia. Um ve\u00edculo Volkswagen Gol prata invadiu o segundo andar do centro comercial, provocando correria, gritos e danos materiais, mas felizmente sem deixar feridos. \ud83d\ude97 Como aconteceu O [&hellip;]<\/p>\n","protected":false},"author":1,"featured_media":1713,"comment_status":"open","ping_status":"open","sticky":false,"template":"","format":"standard","meta":{"footnotes":""},"categories":[86,5,87],"tags":[],"class_list":["post-1710","post","type-post","status-publish","format-standard","has-post-thumbnail","hentry","category-gyn","category-noticias","category-shopping-flamboyant"],"_links":{"self":[{"href":"https:\/\/connectaoeste.com.br\/index.php\/wp-json\/wp\/v2\/posts\/1710","targetHints":{"allow":["GET"]}}],"collection":[{"href":"https:\/\/connectaoeste.com.br\/index.php\/wp-json\/wp\/v2\/posts"}],"about":[{"href":"https:\/\/connectaoeste.com.br\/index.php\/wp-json\/wp\/v2\/types\/post"}],"author":[{"embeddable":true,"href":"https:\/\/connectaoeste.com.br\/index.php\/wp-json\/wp\/v2\/users\/1"}],"replies":[{"embeddable":true,"href":"https:\/\/connectaoeste.com.br\/index.php\/wp-json\/wp\/v2\/comments?post=1710"}],"version-history":[{"count":4,"href":"https:\/\/connectaoeste.com.br\/index.php\/wp-json\/wp\/v2\/posts\/1710\/revisions"}],"predecessor-version":[{"id":1717,"href":"https:\/\/connectaoeste.com.br\/index.php\/wp-json\/wp\/v2\/posts\/1710\/revisions\/1717"}],"wp:featuredmedia":[{"embeddable":true,"href":"https:\/\/connectaoeste.com.br\/index.php\/wp-json\/wp\/v2\/media\/1713"}],"wp:attachment":[{"href":"https:\/\/connectaoeste.com.br\/index.php\/wp-json\/wp\/v2\/media?parent=1710"}],"wp:term":[{"taxonomy":"category","embeddable":true,"href":"https:\/\/connectaoeste.com.br\/index.php\/wp-json\/wp\/v2\/categories?post=1710"},{"taxonomy":"post_tag","embeddable":true,"href":"https:\/\/connectaoeste.com.br\/index.php\/wp-json\/wp\/v2\/tags?post=1710"}],"curies":[{"name":"wp","href":"https:\/\/api.w.org\/{rel}","templated":true}]}}