{"id":1718,"date":"2025-07-22T15:21:36","date_gmt":"2025-07-22T18:21:36","guid":{"rendered":"https:\/\/connectaoeste.com.br\/?p=1718"},"modified":"2025-07-22T15:31:50","modified_gmt":"2025-07-22T18:31:50","slug":"tragedia-em-correntina-motociclista-perde-a-vida-em-colisao-com-carreta","status":"publish","type":"post","link":"https:\/\/connectaoeste.com.br\/index.php\/2025\/07\/22\/tragedia-em-correntina-motociclista-perde-a-vida-em-colisao-com-carreta\/","title":{"rendered":"Trag\u00e9dia em Correntina: motociclista perde a vida em colis\u00e3o com carreta."},"content":{"rendered":"<p><!--StartFragment --><\/p>\n<p><strong>&#8220;Segundo relatos&#8221;<\/strong> Na noite de <strong>segunda-feira, 21 de julho de 2025<\/strong>, um grave acidente tirou a vida de <strong>Darc\u00edlio Jos\u00e9 Saraiva<\/strong>, em frente \u00e0 loja <strong>L\u00edvia Auto Pe\u00e7as<\/strong>, localizada \u00e0s margens da BR-349, em Correntina, oeste da Bahia. A v\u00edtima estava em uma motocicleta quando colidiu com uma carreta e <strong>morreu no local<\/strong>, gerando como\u00e7\u00e3o entre moradores e familiares.<\/p>\n<h3>\ud83d\udea8 Din\u00e2mica do acidente<\/h3>\n<ul>\n<li>O acidente ocorreu por volta das <strong>19h21<\/strong>, em um trecho urbano da rodovia.<\/li>\n<li>Darc\u00edlio pilotava uma motocicleta quando, por raz\u00f5es ainda n\u00e3o esclarecidas, <strong>colidiu frontalmente com uma carreta carregada<\/strong>.<\/li>\n<li>O impacto foi violento, e o motociclista <strong>n\u00e3o resistiu aos ferimentos<\/strong>, vindo a \u00f3bito antes da chegada do socorro.<\/li>\n<\/ul>\n<h3>\ud83d\ude91 Atendimento e per\u00edcia<\/h3>\n<ul>\n<li>Equipes do <strong>Samu<\/strong>\u00a0e da <strong>Pol\u00edcia<\/strong>\u00a0foram acionadas para atender a ocorr\u00eancia.<\/li>\n<li>O corpo foi removido e encaminhado ao <strong>Instituto M\u00e9dico Legal (IML).<\/strong><\/li>\n<li>A \u00e1rea foi isolada para realiza\u00e7\u00e3o da per\u00edcia.<\/li>\n<\/ul>\n<h3>\ud83d\udd4a\ufe0f Luto e solidariedade<\/h3>\n<ul>\n<li>O portal <strong>Conecta Oeste<\/strong>, lamenta profundamente o falecimento de Darc\u00edlio e <strong>prestando solidariedade aos familiares e amigos<\/strong>.<\/li>\n<li>Darc\u00edlio era conhecido na cidade por seu trabalho e por sua atua\u00e7\u00e3o comunit\u00e1ria.<\/li>\n<\/ul>\n<h3>\u2696\ufe0f Investiga\u00e7\u00e3o em andamento<\/h3>\n<ul>\n<li>A principal hip\u00f3tese \u00e9 de que Darc\u00edlio tenha perdido o controle da moto ou tentado uma manobra de ultrapassagem.<\/li>\n<\/ul>\n<p style=\"text-align: center;\"><strong>Connecta Oeste \u2014 conectando voc\u00ea \u00e0 informa\u00e7\u00e3o de qualidade!<\/strong><\/p>\n<p>&nbsp;<\/p>\n<p>&nbsp;<\/p>\n<p><!--EndFragment --><\/p>\n<p>&nbsp;<\/p>\n","protected":false},"excerpt":{"rendered":"<p>&#8220;Segundo relatos&#8221; Na noite de segunda-feira, 21 de julho de 2025, um grave acidente tirou a vida de Darc\u00edlio Jos\u00e9 Saraiva, em frente \u00e0 loja L\u00edvia Auto Pe\u00e7as, localizada \u00e0s margens da BR-349, em Correntina, oeste da Bahia. A v\u00edtima estava em uma motocicleta quando colidiu com uma carreta e morreu no local, gerando como\u00e7\u00e3o [&hellip;]<\/p>\n","protected":false},"author":1,"featured_media":1719,"comment_status":"open","ping_status":"open","sticky":false,"template":"","format":"standard","meta":{"footnotes":""},"categories":[7,8,45,5],"tags":[],"class_list":["post-1718","post","type-post","status-publish","format-standard","has-post-thumbnail","hentry","category-bahia","category-brasil","category-correntina","category-noticias"],"_links":{"self":[{"href":"https:\/\/connectaoeste.com.br\/index.php\/wp-json\/wp\/v2\/posts\/1718","targetHints":{"allow":["GET"]}}],"collection":[{"href":"https:\/\/connectaoeste.com.br\/index.php\/wp-json\/wp\/v2\/posts"}],"about":[{"href":"https:\/\/connectaoeste.com.br\/index.php\/wp-json\/wp\/v2\/types\/post"}],"author":[{"embeddable":true,"href":"https:\/\/connectaoeste.com.br\/index.php\/wp-json\/wp\/v2\/users\/1"}],"replies":[{"embeddable":true,"href":"https:\/\/connectaoeste.com.br\/index.php\/wp-json\/wp\/v2\/comments?post=1718"}],"version-history":[{"count":3,"href":"https:\/\/connectaoeste.com.br\/index.php\/wp-json\/wp\/v2\/posts\/1718\/revisions"}],"predecessor-version":[{"id":1722,"href":"https:\/\/connectaoeste.com.br\/index.php\/wp-json\/wp\/v2\/posts\/1718\/revisions\/1722"}],"wp:featuredmedia":[{"embeddable":true,"href":"https:\/\/connectaoeste.com.br\/index.php\/wp-json\/wp\/v2\/media\/1719"}],"wp:attachment":[{"href":"https:\/\/connectaoeste.com.br\/index.php\/wp-json\/wp\/v2\/media?parent=1718"}],"wp:term":[{"taxonomy":"category","embeddable":true,"href":"https:\/\/connectaoeste.com.br\/index.php\/wp-json\/wp\/v2\/categories?post=1718"},{"taxonomy":"post_tag","embeddable":true,"href":"https:\/\/connectaoeste.com.br\/index.php\/wp-json\/wp\/v2\/tags?post=1718"}],"curies":[{"name":"wp","href":"https:\/\/api.w.org\/{rel}","templated":true}]}}